{"id":41534,"date":"2024-06-15T13:33:00","date_gmt":"2024-06-15T11:33:00","guid":{"rendered":"https:\/\/parcopan.org\/?p=41534"},"modified":"2025-06-23T09:33:25","modified_gmt":"2025-06-23T07:33:25","slug":"1-simposio-internazionale-di-lichenologia-alpina","status":"publish","type":"post","link":"https:\/\/parcopan.org\/en\/1-simposio-internazionale-di-lichenologia-alpina\/","title":{"rendered":"1\u00b0 SIMPOSIO INTERNAZIONALE DI LICHENOLOGIA ALPINA"},"content":{"rendered":"\n<p>Click here to read the <a href=\"https:\/\/parcopan.org\/wp-content\/uploads\/2024\/11\/PROGRAMME_Alpine-Lichenology-2025.pdf\"><strong>FINAL PROGRAMME<\/strong><\/a><\/p>\n\n\n\n<p id=\"tw-target-text\">Il&nbsp;<strong>Parco Naturale Paneveggio Pale di San Martino<\/strong>&nbsp;rappresenta un hotspot di diversit\u00e0 lichenica, in una delle aree lichenologicamente meglio studiate al mondo:&nbsp;<strong>le Alpi<\/strong>.&nbsp;<strong>Circa il 31% dei licheni<\/strong>&nbsp;delle Alpi si trova proprio qui in un\u2019area che rappresenta solo lo 0,06% della superficie della catena alpina. Ci\u00f2 \u00e8 dovuto sia alla marcata&nbsp;<strong>eterogeneit\u00e0 ambientale<\/strong>&nbsp;sia alla&nbsp;<strong>tutela&nbsp;<\/strong>dell\u2019area, che ha attirato&nbsp;<strong>esplorazioni lichenologiche<\/strong>&nbsp;fin dal 19\u00b0 secolo con le esplorazioni di Ferdinand Arnold fino alle ricerche attuali dei lichenologi delle Universit\u00e0 di Bologna (Italia) e Graz (Austria).<\/p>\n\n\n\n<p>In questa affascinante location si svolger\u00e0 il&nbsp;<strong>Primo Simposio Internazionale di Lichenologia Alpina<\/strong>, con il motto&nbsp;<strong>\u201cLichenologia alpina dalle orme di Ferdinand Arnold al 21\u00b0 secolo\u201d<\/strong>.<\/p>\n\n\n\n<p>Il Simposio si svolger\u00e0&nbsp;<strong>da marted\u00ec 1 a venerd\u00ec 4 luglio 2025<\/strong>&nbsp;a&nbsp;<strong>Fiera di Primiero&nbsp;<\/strong>(Provincia di Trento) &#8211; presso <strong>Teatro Oratorio di Pieve Viale Guglielmo Marconi, n. 4<\/strong> e comprender\u00e0&nbsp;<strong>due giorni di congresso&nbsp;<\/strong>con sessioni orali, sessioni poster e 3 keynote talk tenuti da importanti studiosi di Lichenologia alpina e&nbsp;<strong>due giornate di escursioni sul campo<\/strong>&nbsp;in diversi ambienti del Parco Naturale Paneveggio Pale di San Martino, che comprenderanno sia habitat aperti d\u2019alta quota che habitat forestali. Gli argomenti delle sessioni verranno stabiliti in base agli abstract ricevuti.<\/p>\n\n\n\n<p>Tutti i lichenologi che lavorano su&nbsp;<strong>qualsiasi aspetto dei licheni alpini<\/strong>&nbsp;(ad es, biodiversit\u00e0 biota dei licheni, filogenesi, ecologia, interazioni simbiotiche), cos\u00ec come i lichenologi che non lavorano sulle Alpi ma svolgono le loro ricerche su&nbsp;<strong>argomenti che possono essere applicati anche ai licheni alpini&nbsp;<\/strong>(ad es. conservazione, cambiamento globale, ruolo delle aree protette) sono invitati a inviare un abstract.<\/p>\n\n\n\n<p>Il Simposio \u00e8 organizzato dal&nbsp;<strong>Parco Naturale Paneveggio Pale di San Martino&nbsp;<\/strong>con la collaborazione di lichenologi delle&nbsp;<strong>Universit\u00e0 di Bologna e Graz&nbsp;<\/strong>e il patrocinio della Societ\u00e0 Lichenologica Italiana.<\/p>\n\n\n\n<p><a href=\"https:\/\/parcopan.org\/le-attivita\/la-ricerca-nel-parco\/1st-international-symposium-of-alpine-lichenology\/\"><strong>English version here<\/strong><\/a><\/p>\n\n\n\n<p><a href=\"https:\/\/parcopan.org\/wp-content\/uploads\/2024\/11\/PROGRAMME_Alpine-Lichenology-2025.pdf\"><strong>FINAL PROGRAMME<\/strong><\/a><\/p>\n\n\n\n<p><a href=\"https:\/\/parcopan.org\/le-attivita\/la-ricerca-nel-parco\/1st-international-symposium-of-alpine-lichenology-registrations\/\"><strong>Registrations<\/strong><\/a><\/p>\n\n\n\n<p>Contatti:&nbsp;<a href=\"mailto:maurizio.salvadori@parcopan.org\">maurizio.salvadori@parcopan.org<\/a>;&nbsp;<a href=\"mailto:gabriele.gheza@unibo.it\">gabriele.gheza@unibo.it<\/a><\/p>\n","protected":false},"excerpt":{"rendered":"<p>Click here to read the FINAL PROGRAMME Il&nbsp;Parco Naturale Paneveggio Pale di San Martino&nbsp;rappresenta un hotspot di diversit\u00e0 lichenica, in una delle aree lichenologicamente meglio studiate al mondo:&nbsp;le Alpi.&nbsp;Circa il 31% dei licheni&nbsp;delle Alpi si trova proprio qui in un\u2019area che rappresenta solo lo 0,06% della superficie della catena alpina. Ci\u00f2 \u00e8 dovuto sia alla&#8230;<\/p>\n","protected":false},"author":12,"featured_media":24917,"comment_status":"closed","ping_status":"closed","sticky":false,"template":"","format":"standard","meta":{"_acf_changed":false,"footnotes":""},"categories":[1],"tags":[],"class_list":["post-41534","post","type-post","status-publish","format-standard","has-post-thumbnail","hentry","category-uncategorized"],"acf":[],"yoast_head":"<!-- This site is optimized with the Yoast SEO plugin v25.5 - https:\/\/yoast.com\/wordpress\/plugins\/seo\/ -->\n<title>1\u00b0 SIMPOSIO INTERNAZIONALE DI LICHENOLOGIA ALPINA - Parco Naturale Paneveggio Pale di San Martino<\/title>\n<meta name=\"robots\" content=\"index, follow, max-snippet:-1, max-image-preview:large, max-video-preview:-1\" \/>\n<link rel=\"canonical\" href=\"https:\/\/parcopan.org\/1-simposio-internazionale-di-lichenologia-alpina\/\" \/>\n<meta property=\"og:locale\" content=\"en_US\" \/>\n<meta property=\"og:type\" content=\"article\" \/>\n<meta property=\"og:title\" content=\"1\u00b0 SIMPOSIO INTERNAZIONALE DI LICHENOLOGIA ALPINA - Parco Naturale Paneveggio Pale di San Martino\" \/>\n<meta property=\"og:description\" content=\"Click here to read the FINAL PROGRAMME Il&nbsp;Parco Naturale Paneveggio Pale di San Martino&nbsp;rappresenta un hotspot di diversit\u00e0 lichenica, in una delle aree lichenologicamente meglio studiate al mondo:&nbsp;le Alpi.&nbsp;Circa il 31% dei licheni&nbsp;delle Alpi si trova proprio qui in un\u2019area che rappresenta solo lo 0,06% della superficie della catena alpina. Ci\u00f2 \u00e8 dovuto sia alla...\" \/>\n<meta property=\"og:url\" content=\"https:\/\/parcopan.org\/1-simposio-internazionale-di-lichenologia-alpina\/\" \/>\n<meta property=\"og:site_name\" content=\"Parco Naturale Paneveggio Pale di San Martino\" \/>\n<meta property=\"article:publisher\" content=\"https:\/\/www.facebook.com\/Parcopan\/\" \/>\n<meta property=\"article:published_time\" content=\"2024-06-15T11:33:00+00:00\" \/>\n<meta property=\"article:modified_time\" content=\"2025-06-23T07:33:25+00:00\" \/>\n<meta property=\"og:image\" content=\"https:\/\/parcopan.org\/wp-content\/uploads\/2022\/12\/Campionamento-su-licheni-acquatici-a-Forcella-Val-Cigolera.jpg\" \/>\n\t<meta property=\"og:image:width\" content=\"1600\" \/>\n\t<meta property=\"og:image:height\" content=\"1200\" \/>\n\t<meta property=\"og:image:type\" content=\"image\/jpeg\" \/>\n<meta name=\"author\" content=\"Walter Taufer\" \/>\n<meta name=\"twitter:card\" content=\"summary_large_image\" \/>\n<meta name=\"twitter:creator\" content=\"@ParcoPaneveggio\" \/>\n<meta name=\"twitter:site\" content=\"@ParcoPaneveggio\" \/>\n<meta name=\"twitter:label1\" content=\"Written by\" \/>\n\t<meta name=\"twitter:data1\" content=\"Walter Taufer\" \/>\n\t<meta name=\"twitter:label2\" content=\"Est. reading time\" \/>\n\t<meta name=\"twitter:data2\" content=\"2 minutes\" \/>\n<script type=\"application\/ld+json\" class=\"yoast-schema-graph\">{\"@context\":\"https:\/\/schema.org\",\"@graph\":[{\"@type\":\"Article\",\"@id\":\"https:\/\/parcopan.org\/1-simposio-internazionale-di-lichenologia-alpina\/#article\",\"isPartOf\":{\"@id\":\"https:\/\/parcopan.org\/1-simposio-internazionale-di-lichenologia-alpina\/\"},\"author\":{\"name\":\"Walter Taufer\",\"@id\":\"https:\/\/parcopan.org\/#\/schema\/person\/09ea313c417f548831817948b8901990\"},\"headline\":\"1\u00b0 SIMPOSIO INTERNAZIONALE DI LICHENOLOGIA ALPINA\",\"datePublished\":\"2024-06-15T11:33:00+00:00\",\"dateModified\":\"2025-06-23T07:33:25+00:00\",\"mainEntityOfPage\":{\"@id\":\"https:\/\/parcopan.org\/1-simposio-internazionale-di-lichenologia-alpina\/\"},\"wordCount\":346,\"publisher\":{\"@id\":\"https:\/\/parcopan.org\/#organization\"},\"image\":{\"@id\":\"https:\/\/parcopan.org\/1-simposio-internazionale-di-lichenologia-alpina\/#primaryimage\"},\"thumbnailUrl\":\"https:\/\/parcopan.org\/wp-content\/uploads\/2022\/12\/Campionamento-su-licheni-acquatici-a-Forcella-Val-Cigolera.jpg\",\"inLanguage\":\"en-US\"},{\"@type\":\"WebPage\",\"@id\":\"https:\/\/parcopan.org\/1-simposio-internazionale-di-lichenologia-alpina\/\",\"url\":\"https:\/\/parcopan.org\/1-simposio-internazionale-di-lichenologia-alpina\/\",\"name\":\"1\u00b0 SIMPOSIO INTERNAZIONALE DI LICHENOLOGIA ALPINA - Parco Naturale Paneveggio Pale di San Martino\",\"isPartOf\":{\"@id\":\"https:\/\/parcopan.org\/#website\"},\"primaryImageOfPage\":{\"@id\":\"https:\/\/parcopan.org\/1-simposio-internazionale-di-lichenologia-alpina\/#primaryimage\"},\"image\":{\"@id\":\"https:\/\/parcopan.org\/1-simposio-internazionale-di-lichenologia-alpina\/#primaryimage\"},\"thumbnailUrl\":\"https:\/\/parcopan.org\/wp-content\/uploads\/2022\/12\/Campionamento-su-licheni-acquatici-a-Forcella-Val-Cigolera.jpg\",\"datePublished\":\"2024-06-15T11:33:00+00:00\",\"dateModified\":\"2025-06-23T07:33:25+00:00\",\"breadcrumb\":{\"@id\":\"https:\/\/parcopan.org\/1-simposio-internazionale-di-lichenologia-alpina\/#breadcrumb\"},\"inLanguage\":\"en-US\",\"potentialAction\":[{\"@type\":\"ReadAction\",\"target\":[\"https:\/\/parcopan.org\/1-simposio-internazionale-di-lichenologia-alpina\/\"]}]},{\"@type\":\"ImageObject\",\"inLanguage\":\"en-US\",\"@id\":\"https:\/\/parcopan.org\/1-simposio-internazionale-di-lichenologia-alpina\/#primaryimage\",\"url\":\"https:\/\/parcopan.org\/wp-content\/uploads\/2022\/12\/Campionamento-su-licheni-acquatici-a-Forcella-Val-Cigolera.jpg\",\"contentUrl\":\"https:\/\/parcopan.org\/wp-content\/uploads\/2022\/12\/Campionamento-su-licheni-acquatici-a-Forcella-Val-Cigolera.jpg\",\"width\":1600,\"height\":1200},{\"@type\":\"BreadcrumbList\",\"@id\":\"https:\/\/parcopan.org\/1-simposio-internazionale-di-lichenologia-alpina\/#breadcrumb\",\"itemListElement\":[{\"@type\":\"ListItem\",\"position\":1,\"name\":\"Home\",\"item\":\"https:\/\/parcopan.org\/en\/home-2\/\"},{\"@type\":\"ListItem\",\"position\":2,\"name\":\"Uncategorized\",\"item\":\"https:\/\/parcopan.org\/category\/uncategorized\/\"},{\"@type\":\"ListItem\",\"position\":3,\"name\":\"1\u00b0 SIMPOSIO INTERNAZIONALE DI LICHENOLOGIA ALPINA\"}]},{\"@type\":\"WebSite\",\"@id\":\"https:\/\/parcopan.org\/#website\",\"url\":\"https:\/\/parcopan.org\/\",\"name\":\"Parco Naturale Paneveggio Pale di San Martino\",\"description\":\"Un Mondo di acque, rocce, foreste e storia\",\"publisher\":{\"@id\":\"https:\/\/parcopan.org\/#organization\"},\"potentialAction\":[{\"@type\":\"SearchAction\",\"target\":{\"@type\":\"EntryPoint\",\"urlTemplate\":\"https:\/\/parcopan.org\/?s={search_term_string}\"},\"query-input\":{\"@type\":\"PropertyValueSpecification\",\"valueRequired\":true,\"valueName\":\"search_term_string\"}}],\"inLanguage\":\"en-US\"},{\"@type\":\"Organization\",\"@id\":\"https:\/\/parcopan.org\/#organization\",\"name\":\"Parco Naturale Paneveggio Pale di San Martino\",\"url\":\"https:\/\/parcopan.org\/\",\"logo\":{\"@type\":\"ImageObject\",\"inLanguage\":\"en-US\",\"@id\":\"https:\/\/parcopan.org\/#\/schema\/logo\/image\/\",\"url\":\"https:\/\/parcopan.org\/wp-content\/uploads\/2019\/03\/parcopan_logo_quadrato.png\",\"contentUrl\":\"https:\/\/parcopan.org\/wp-content\/uploads\/2019\/03\/parcopan_logo_quadrato.png\",\"width\":522,\"height\":522,\"caption\":\"Parco Naturale Paneveggio Pale di San Martino\"},\"image\":{\"@id\":\"https:\/\/parcopan.org\/#\/schema\/logo\/image\/\"},\"sameAs\":[\"https:\/\/www.facebook.com\/Parcopan\/\",\"https:\/\/x.com\/ParcoPaneveggio\"]},{\"@type\":\"Person\",\"@id\":\"https:\/\/parcopan.org\/#\/schema\/person\/09ea313c417f548831817948b8901990\",\"name\":\"Walter Taufer\",\"image\":{\"@type\":\"ImageObject\",\"inLanguage\":\"en-US\",\"@id\":\"https:\/\/parcopan.org\/#\/schema\/person\/image\/\",\"url\":\"https:\/\/secure.gravatar.com\/avatar\/c9335b381753c8c8c1fef39279ccf17bdb91d89cba28d9732229a53d5c2bd03d?s=96&d=mm&r=g\",\"contentUrl\":\"https:\/\/secure.gravatar.com\/avatar\/c9335b381753c8c8c1fef39279ccf17bdb91d89cba28d9732229a53d5c2bd03d?s=96&d=mm&r=g\",\"caption\":\"Walter Taufer\"},\"url\":\"https:\/\/parcopan.org\/en\/author\/water-taufer\/\"}]}<\/script>\n<!-- \/ Yoast SEO plugin. -->","yoast_head_json":{"title":"1\u00b0 SIMPOSIO INTERNAZIONALE DI LICHENOLOGIA ALPINA - Parco Naturale Paneveggio Pale di San Martino","robots":{"index":"index","follow":"follow","max-snippet":"max-snippet:-1","max-image-preview":"max-image-preview:large","max-video-preview":"max-video-preview:-1"},"canonical":"https:\/\/parcopan.org\/1-simposio-internazionale-di-lichenologia-alpina\/","og_locale":"en_US","og_type":"article","og_title":"1\u00b0 SIMPOSIO INTERNAZIONALE DI LICHENOLOGIA ALPINA - Parco Naturale Paneveggio Pale di San Martino","og_description":"Click here to read the FINAL PROGRAMME Il&nbsp;Parco Naturale Paneveggio Pale di San Martino&nbsp;rappresenta un hotspot di diversit\u00e0 lichenica, in una delle aree lichenologicamente meglio studiate al mondo:&nbsp;le Alpi.&nbsp;Circa il 31% dei licheni&nbsp;delle Alpi si trova proprio qui in un\u2019area che rappresenta solo lo 0,06% della superficie della catena alpina. Ci\u00f2 \u00e8 dovuto sia alla...","og_url":"https:\/\/parcopan.org\/1-simposio-internazionale-di-lichenologia-alpina\/","og_site_name":"Parco Naturale Paneveggio Pale di San Martino","article_publisher":"https:\/\/www.facebook.com\/Parcopan\/","article_published_time":"2024-06-15T11:33:00+00:00","article_modified_time":"2025-06-23T07:33:25+00:00","og_image":[{"width":1600,"height":1200,"url":"https:\/\/parcopan.org\/wp-content\/uploads\/2022\/12\/Campionamento-su-licheni-acquatici-a-Forcella-Val-Cigolera.jpg","type":"image\/jpeg"}],"author":"Walter Taufer","twitter_card":"summary_large_image","twitter_creator":"@ParcoPaneveggio","twitter_site":"@ParcoPaneveggio","twitter_misc":{"Written by":"Walter Taufer","Est. reading time":"2 minutes"},"schema":{"@context":"https:\/\/schema.org","@graph":[{"@type":"Article","@id":"https:\/\/parcopan.org\/1-simposio-internazionale-di-lichenologia-alpina\/#article","isPartOf":{"@id":"https:\/\/parcopan.org\/1-simposio-internazionale-di-lichenologia-alpina\/"},"author":{"name":"Walter Taufer","@id":"https:\/\/parcopan.org\/#\/schema\/person\/09ea313c417f548831817948b8901990"},"headline":"1\u00b0 SIMPOSIO INTERNAZIONALE DI LICHENOLOGIA ALPINA","datePublished":"2024-06-15T11:33:00+00:00","dateModified":"2025-06-23T07:33:25+00:00","mainEntityOfPage":{"@id":"https:\/\/parcopan.org\/1-simposio-internazionale-di-lichenologia-alpina\/"},"wordCount":346,"publisher":{"@id":"https:\/\/parcopan.org\/#organization"},"image":{"@id":"https:\/\/parcopan.org\/1-simposio-internazionale-di-lichenologia-alpina\/#primaryimage"},"thumbnailUrl":"https:\/\/parcopan.org\/wp-content\/uploads\/2022\/12\/Campionamento-su-licheni-acquatici-a-Forcella-Val-Cigolera.jpg","inLanguage":"en-US"},{"@type":"WebPage","@id":"https:\/\/parcopan.org\/1-simposio-internazionale-di-lichenologia-alpina\/","url":"https:\/\/parcopan.org\/1-simposio-internazionale-di-lichenologia-alpina\/","name":"1\u00b0 SIMPOSIO INTERNAZIONALE DI LICHENOLOGIA ALPINA - Parco Naturale Paneveggio Pale di San Martino","isPartOf":{"@id":"https:\/\/parcopan.org\/#website"},"primaryImageOfPage":{"@id":"https:\/\/parcopan.org\/1-simposio-internazionale-di-lichenologia-alpina\/#primaryimage"},"image":{"@id":"https:\/\/parcopan.org\/1-simposio-internazionale-di-lichenologia-alpina\/#primaryimage"},"thumbnailUrl":"https:\/\/parcopan.org\/wp-content\/uploads\/2022\/12\/Campionamento-su-licheni-acquatici-a-Forcella-Val-Cigolera.jpg","datePublished":"2024-06-15T11:33:00+00:00","dateModified":"2025-06-23T07:33:25+00:00","breadcrumb":{"@id":"https:\/\/parcopan.org\/1-simposio-internazionale-di-lichenologia-alpina\/#breadcrumb"},"inLanguage":"en-US","potentialAction":[{"@type":"ReadAction","target":["https:\/\/parcopan.org\/1-simposio-internazionale-di-lichenologia-alpina\/"]}]},{"@type":"ImageObject","inLanguage":"en-US","@id":"https:\/\/parcopan.org\/1-simposio-internazionale-di-lichenologia-alpina\/#primaryimage","url":"https:\/\/parcopan.org\/wp-content\/uploads\/2022\/12\/Campionamento-su-licheni-acquatici-a-Forcella-Val-Cigolera.jpg","contentUrl":"https:\/\/parcopan.org\/wp-content\/uploads\/2022\/12\/Campionamento-su-licheni-acquatici-a-Forcella-Val-Cigolera.jpg","width":1600,"height":1200},{"@type":"BreadcrumbList","@id":"https:\/\/parcopan.org\/1-simposio-internazionale-di-lichenologia-alpina\/#breadcrumb","itemListElement":[{"@type":"ListItem","position":1,"name":"Home","item":"https:\/\/parcopan.org\/en\/home-2\/"},{"@type":"ListItem","position":2,"name":"Uncategorized","item":"https:\/\/parcopan.org\/category\/uncategorized\/"},{"@type":"ListItem","position":3,"name":"1\u00b0 SIMPOSIO INTERNAZIONALE DI LICHENOLOGIA ALPINA"}]},{"@type":"WebSite","@id":"https:\/\/parcopan.org\/#website","url":"https:\/\/parcopan.org\/","name":"Parco Naturale Paneveggio Pale di San Martino","description":"Un Mondo di acque, rocce, foreste e storia","publisher":{"@id":"https:\/\/parcopan.org\/#organization"},"potentialAction":[{"@type":"SearchAction","target":{"@type":"EntryPoint","urlTemplate":"https:\/\/parcopan.org\/?s={search_term_string}"},"query-input":{"@type":"PropertyValueSpecification","valueRequired":true,"valueName":"search_term_string"}}],"inLanguage":"en-US"},{"@type":"Organization","@id":"https:\/\/parcopan.org\/#organization","name":"Parco Naturale Paneveggio Pale di San Martino","url":"https:\/\/parcopan.org\/","logo":{"@type":"ImageObject","inLanguage":"en-US","@id":"https:\/\/parcopan.org\/#\/schema\/logo\/image\/","url":"https:\/\/parcopan.org\/wp-content\/uploads\/2019\/03\/parcopan_logo_quadrato.png","contentUrl":"https:\/\/parcopan.org\/wp-content\/uploads\/2019\/03\/parcopan_logo_quadrato.png","width":522,"height":522,"caption":"Parco Naturale Paneveggio Pale di San Martino"},"image":{"@id":"https:\/\/parcopan.org\/#\/schema\/logo\/image\/"},"sameAs":["https:\/\/www.facebook.com\/Parcopan\/","https:\/\/x.com\/ParcoPaneveggio"]},{"@type":"Person","@id":"https:\/\/parcopan.org\/#\/schema\/person\/09ea313c417f548831817948b8901990","name":"Walter Taufer","image":{"@type":"ImageObject","inLanguage":"en-US","@id":"https:\/\/parcopan.org\/#\/schema\/person\/image\/","url":"https:\/\/secure.gravatar.com\/avatar\/c9335b381753c8c8c1fef39279ccf17bdb91d89cba28d9732229a53d5c2bd03d?s=96&d=mm&r=g","contentUrl":"https:\/\/secure.gravatar.com\/avatar\/c9335b381753c8c8c1fef39279ccf17bdb91d89cba28d9732229a53d5c2bd03d?s=96&d=mm&r=g","caption":"Walter Taufer"},"url":"https:\/\/parcopan.org\/en\/author\/water-taufer\/"}]}},"_links":{"self":[{"href":"https:\/\/parcopan.org\/en\/wp-json\/wp\/v2\/posts\/41534","targetHints":{"allow":["GET"]}}],"collection":[{"href":"https:\/\/parcopan.org\/en\/wp-json\/wp\/v2\/posts"}],"about":[{"href":"https:\/\/parcopan.org\/en\/wp-json\/wp\/v2\/types\/post"}],"author":[{"embeddable":true,"href":"https:\/\/parcopan.org\/en\/wp-json\/wp\/v2\/users\/12"}],"replies":[{"embeddable":true,"href":"https:\/\/parcopan.org\/en\/wp-json\/wp\/v2\/comments?post=41534"}],"version-history":[{"count":26,"href":"https:\/\/parcopan.org\/en\/wp-json\/wp\/v2\/posts\/41534\/revisions"}],"predecessor-version":[{"id":44757,"href":"https:\/\/parcopan.org\/en\/wp-json\/wp\/v2\/posts\/41534\/revisions\/44757"}],"wp:featuredmedia":[{"embeddable":true,"href":"https:\/\/parcopan.org\/en\/wp-json\/wp\/v2\/media\/24917"}],"wp:attachment":[{"href":"https:\/\/parcopan.org\/en\/wp-json\/wp\/v2\/media?parent=41534"}],"wp:term":[{"taxonomy":"category","embeddable":true,"href":"https:\/\/parcopan.org\/en\/wp-json\/wp\/v2\/categories?post=41534"},{"taxonomy":"post_tag","embeddable":true,"href":"https:\/\/parcopan.org\/en\/wp-json\/wp\/v2\/tags?post=41534"}],"curies":[{"name":"wp","href":"https:\/\/api.w.org\/{rel}","templated":true}]}}