{"id":41466,"date":"2024-10-07T08:04:00","date_gmt":"2024-10-07T06:04:00","guid":{"rendered":"https:\/\/parcopan.org\/?p=41466"},"modified":"2025-01-21T09:19:32","modified_gmt":"2025-01-21T08:19:32","slug":"lunedi-30-dicembre-si-riunisce-il-comitato-di-gestione-del-parco","status":"publish","type":"post","link":"https:\/\/parcopan.org\/en\/lunedi-30-dicembre-si-riunisce-il-comitato-di-gestione-del-parco\/","title":{"rendered":"Si \u00e8 riunito luned\u00ec 30 dicembre il Comitato di Gestione del Parco"},"content":{"rendered":"\n<p>Il Comitato di Gestione dell&#8217;Ente Parco \u201cPaneveggio \u2013 Pale di San Martino\u201d, si \u00e8 riunito LUNEDI\u2019 30 DICEMBRE 2024 alle ore 15 presso la Sala Consiliare del Comune di Primiero San Martino di Castrozza, a Fiera di Primiero, per trattare il seguente ordine del giorno:<\/p>\n\n\n\n<ol class=\"wp-block-list\">\n<li>nomina scrutatori della seduta odierna;<\/li>\n\n\n\n<li>esame ed approvazione del verbale della seduta precedente, di data 30 settembre 2024;<\/li>\n\n\n\n<li>DPP 21 gennaio 2010, n. 3-35\/Leg. Legge provinciale 14 settembre 1979, n. 7, art. 78bis1, D.Lgs. n. 118\/2011. Approvazione del bilancio di previsione finanziario 2025 \u2013 2027 dell\u2019Ente Parco Paneveggio Pale di San Martino;<\/li>\n\n\n\n<li>DPP 21 gennaio 2010, n. 3-35\/Leg. Legge provinciale 14 settembre 1979, n. 7, art. 78bis1, D.Lgs. n. 118\/2011. Approvazione del Piano triennale delle Attivit\u00e0 2025 \u2013 2027 dell\u2019Ente Parco Paneveggio Pale di San Martino;<\/li>\n\n\n\n<li>DPP 21 gennaio 2010, n. 3-35\/Leg, articolo 27: esame ed approvazione del Documento preliminare relativo ad una variante al vigente Piano del Parco;<\/li>\n\n\n\n<li>comunicazioni del Presidente; varie ed eventuali.<\/li>\n<\/ol>\n\n\n\n<p><strong>Approvato dal Comitato di Gestione nella riunione del 30 gennaio il Bilancio di previsione finanziario e il Piano triennale 2025-27<\/strong><\/p>\n\n\n\n<p>\u201cUna maggior apertura dei Centri visita del Parco che raccontano i molteplici aspetti dell\u2019area protetta \u2013 ha sottolineato il Presidente <strong>Valerio Zanotti <\/strong>riguardo il Piano delle attivit\u00e0<strong> \u2013<\/strong> ci permette di presentare e comunicare, ancor di pi\u00f9, i valori naturalistici ai residenti e ai turisti\u201d.<br>Il Direttore, <strong>Cristiano Trotter<\/strong>, nel presentare la strategia e le azioni che impegneranno l\u2019Ente nel periodo 2025-2027 ha sottolineato, fra gli interventi strutturali, l\u2019avvio nel 2025 dei lavori del nuovo Centro visitatori di San Martino di Castrozza e la riqualificazione dell\u2019area attorno al Lago Calaita.<\/p>\n\n\n\n<p>Il Bilancio di previsione pareggia per il 2025 a euro 4.613.386,88 di cui 1.871.070 per spese correnti e 1.913.995,31 per spese in conto capitale.<\/p>\n\n\n\n<p>Il Direttore \u00e8 entrato poi nel dettaglio delle molteplici attivit\u00e0 contenute nel Piano, dalla ricerca scientifica all&#8217;educazione ambientale, dalla pianificazione alle attivit\u00e0 al pubblico.<\/p>\n\n\n\n<p>Sul piano della <strong>ricerca scientifica<\/strong> i principali ambiti di indagine riguardano lo studio della biodiversit\u00e0 del Parco, il monitoraggio dei danni da ungulati alla vegetazione e le ricadute a cascata su specie animali e vegetali ad elevato valore conservazionistico, il monitoraggio di habitat e specie animali e vegetali di interesse comunitario, lo studio della biologia dei galliformi con particolare riferimento alla pernice bianca, il monitoraggio delle modificazioni ambientali derivanti da disturbi naturali, come la tempesta Vaia e il bostrico e antropici, come il pascolo, le utilizzazioni forestali.<\/p>\n\n\n\n<p>Nel mese di luglio 2025 sar\u00e0 organizzato a Primiero, il \u201cPrimo Simposio Internazionale di Lichenologia Alpina\u201d. <br>L\u2019importante evento internazionale, al quali interverranno esperti del settore, \u00e8 il frutto della collaborazione tra Parco, Universit\u00e0 di Bologna e Universit\u00e0 di Graz (A) e sar\u00e0 l\u2019occasione per presentare gli studi che si stanno facendo nell\u2019area protetta.<\/p>\n\n\n\n<p>Nel settore dell\u2019<strong>Educazione ambientale<\/strong> le \u201cLinee di indirizzo\u201d per lo svolgimento delle funzioni istituzionali di ricerca -educazione &#8211; attivit\u00e0 &#8211; comunicazione\u201d hanno portato ad un cambio di passo relativamente alla visibilit\u00e0 delle azioni che, in vario modo e su vari ambiti, il Parco porta avanti.<br>L\u2019obiettivo in particolare \u00e8 quello di coinvolgere e rendere consapevoli i cittadini della ricchezza presente sul loro territorio \u2013 il Parco carico della sua biodiversit\u00e0 \u2013 e di un Ente gestore che, grazie ad un complesso Piano di Parco e in particolare alle Misure di conservazione da esso previste, \u00e8 impegnato a tutelarla.<br>In questa prospettiva si \u00e8 mossa la revisione, dopo quella svolta per le scuole locali nel corso del 2024, dell\u2019offerta didattica Scuole provenienti da tutta Italia: in questo ambito i temi pi\u00f9 richiesti riguardano la conoscenza di questo Parco, la conservazione, la biodiversit\u00e0, gli ecosistemi montani.<\/p>\n\n\n\n<p>Continueranno i <strong>percorsi di aggiornamento per docenti<\/strong> dopo la positiva esperienza della \u201cprima giornata formativa\u201d svoltasi a Paneveggio e sar\u00e0 riproposto lo \u201c<em>Stage di avviamento agli studi faunistici\u201d<\/em> per studenti universitari della durata di 5 giorni a carattere residenziale, presso la foresteria di Paneveggio<\/p>\n\n\n\n<p>Per quanto concerne l\u2019<strong>attivit\u00e0 al pubblico<\/strong>, l\u2019apertura e gestione dei centri visitatori per contribuire alla destagionalizzazione dell&#8217;offerta turistica e quindi garantire una pi\u00f9 ampia fruizione dei centri visitatori agli stessi durante l&#8217;intero anno, cos\u00ec da favorire la maggiore fruizione dei centri da parte delle Comunit\u00e0 residenti, attraverso la ideazione di azioni promozionali dedicate, come la gratuit\u00e0 della visita ai centri riservata a tutti i residenti nei Comuni del Parco, valutata quale opportunit\u00e0 per incentivare e rafforzare il contatto con la popolazione locale. <br>E&#8217; in programma un calendario annuale di serate incentrate su temi naturalistici e di tenore divulgativo, da svolgere diffusamente sul territorio e in collaborazione con varie realt\u00e0 locali (associazioni culturali, amministrazioni comunali, nell\u2019ottica del cosiddetto <em>edutaiment<\/em>.<\/p>\n\n\n\n<p>Continuer\u00e0 l\u2019impegno contenuto nell&#8217;Accordo Quadro che riguarda la <strong>specifica rete di collaborazione<\/strong> con le Biblioteche dei Comuni del Parco ed altri soggetti istituzionali operanti in campo ambientale \u2013 nello specifico, Museo Geologico di Predazzo e Magnifica Comunit\u00e0 di Fiemme \u2013 per la realizzazione di iniziative dirette allo sviluppo della cittadinanza ambientale e rivolti in particolar modo alla popolazione residente.<\/p>\n\n\n\n<p>Gli Interventi di conservazione attiva del territorio riguardano le aree a prato, dove proseguiranno in particolare le operazioni di sfalcio dei prati in localit\u00e0 Masi Tognola e gli interventi di lotta alle specie invasive. Risulta importante proseguire le attivit\u00e0 di contenimento di specie alloctone, anche al fine di non disperdere il prezioso lavoro fatto sino ad oggi. Si operer\u00e0, in particolare, sul contenimento del Poligono giapponese e dell\u2019Ailanto.<\/p>\n\n\n\n<p>Stante l\u2019importante popolazione di gambero di fiume presente nel Laghetto Welsperg, proseguiranno gli interventi di riqualificazione degli ambienti idonei a questa specie in Val Canali; saranno messi in atto interventi di riqualificazione dei campivoli delle malghe finalizzati anche alla conservazione di specie e habitat Natura 2000 o di specie floristiche della Lista rossa, sulla scorta di specifici accordi con i soggetti proprietari; azioni di conservazione attiva della biodiversit\u00e0 allevata e coltivata: in tale ambito proseguir\u00e0 il progetto di conservazione della razza ovina autoctona di Lamon attraverso il mantenimento di un gregge custode, anche adottando sistemi di prevenzione degli attacchi da lupo.<\/p>\n\n\n\n<p>\u00c8 prevista la realizzazione di <strong>manutenzioni straordinarie di edifici<\/strong> in carico al Parco che riguardano il rifacimento del tetto in scandole della chiesetta di Villa Welsperg, il rifacimento del tetto in lamiera del fienile di Villa Welsperg e il rifacimento del tetto in scandole della ritonda di Villa Welsperg.<\/p>\n\n\n\n<p>Si proceder\u00e0 nella realizzazione dei <strong>portali del Parco<\/strong> e nella riqualificazione infrastrutturale e comunicativa del Lago di Calaita.<br>Per quanto riguarda il <strong>settore della manutenzione<\/strong> gli interventi riguardano gli allestimenti sui Sentieri tematici: il Sentiero Etnografico del Vanoi, l\u2019Itinerario Tonadico Cimerlo, il Sentiero Marci\u00f2.<\/p>\n\n\n\n<p>L\u2019attivazione di servizi di bus navetta che mirano a ridurre al massimo il traffico privato costituir\u00e0 anche per il 2025 un obiettivo strategico dell\u2019Ente.<\/p>\n\n\n\n<p>Continuer\u00e0 l\u2019impegno per la <strong>\u201cCarta Europea del Turismo sostenibile\u201d<\/strong> con la collaborazione con i soggetti proponenti le azioni previste all\u2019interno del \u201cPiano di Azione\u201d e il raccordo delle azioni di monitoraggio con il Tavolo di coordinamento e con il Forum.<\/p>\n\n\n\n<p>Sul piano della comunicazione una importante novit\u00e0 riguarda la nuova rivista del Parco dal titolo <em>.Parcopan <\/em>che uscir\u00e0 all\u2019inizio del 2025. Riguardo i contenuti, un importante elemento innovativo riguarda la presenza di un \u201cComitato scientifico\u201d, composto da docenti universitari ed esperti nel settore ambientale e storico che permetter\u00e0 un approccio di carattere interdisciplinare. Il rapporto fra uomo e natura sar\u00e0 la questione di fondo che la nuova rivista affronter\u00e0.<\/p>\n\n\n\n<p>\u00c8 stato presentato e approvato il<strong> Documento preliminare relativo ad una variante al vigente Piano del Parco<\/strong> al quale ha lavorato la Commissione interna nominata dal Comitato e che contiene specifici aspetti, il patrimonio edilizio, le strade, sentieri, aree a parcheggio, i nuclei insediativi e le norme di conservazione<br>Il nuovo Piano di Parco \u2013 \u00e8 stato sottolineato &#8211; dovr\u00e0 tener conto della nuova legge Urbanistica provinciale, del nuovo Piano Faunistico provinciale e delle progettualit\u00e0 previste nell\u2019area di Passo Rolle.<br>Il Direttore ha ricordato, riprendendo i contenuti del documento preliminare che per assicurare il coinvolgimento dei cittadini, degli enti e delle associazioni territorialmente interessati l&#8217;ente Parco organizzer\u00e0, a seguito della pubblicazione del documento preliminare, una o pi\u00f9 riunioni pubbliche alle quali possono partecipare i cittadini di et\u00e0 non inferiore a sedici anni residenti nei comuni compresi nel territorio del parco, i proprietari forestali interessati, i soggetti portatori di rilevanti interessi di categoria e di interessi diffusi, comprese le associazioni ambientaliste, nonch\u00e9 i rappresentanti degli enti e delle istituzioni locali e di ricerca interessati, delle amministrazioni separate dei beni di uso civico e degli ordini e dei collegi professionali interessati.<\/p>\n\n\n\n<p>In chiusura della riunione il Consigliere Daniele Gubert ha sollevato la questione della tutela della Val Cortella impegnandosi a portare nel prossimo Comitato di Gestione del Parco uno specifico ordine del giorno a tale riguardo.<\/p>\n\n\n\n<figure class=\"wp-block-embed is-type-video is-provider-youtube wp-block-embed-youtube wp-embed-aspect-4-3 wp-has-aspect-ratio\"><div class=\"wp-block-embed__wrapper\">\n<iframe loading=\"lazy\" title=\"Comitato di Gestione dell&#039;Ente Parco del 30 dicembre 2024\" width=\"480\" height=\"360\" src=\"https:\/\/www.youtube.com\/embed\/aS3Qsf02kZE?feature=oembed\" frameborder=\"0\" allow=\"accelerometer; autoplay; clipboard-write; encrypted-media; gyroscope; picture-in-picture; web-share\" referrerpolicy=\"strict-origin-when-cross-origin\" allowfullscreen><\/iframe>\n<\/div><figcaption class=\"wp-element-caption\">Riunione del Comitato di Gestione del Parco del 30 dicembre 2024<\/figcaption><\/figure>\n","protected":false},"excerpt":{"rendered":"<p>Il Comitato di Gestione dell&#8217;Ente Parco \u201cPaneveggio \u2013 Pale di San Martino\u201d, si \u00e8 riunito LUNEDI\u2019 30 DICEMBRE 2024 alle ore 15 presso la Sala Consiliare del Comune di Primiero San Martino di Castrozza, a Fiera di Primiero, per trattare il seguente ordine del giorno: Approvato dal Comitato di Gestione nella riunione del 30 gennaio&#8230;<\/p>\n","protected":false},"author":12,"featured_media":18324,"comment_status":"closed","ping_status":"closed","sticky":false,"template":"","format":"standard","meta":{"_acf_changed":false,"footnotes":""},"categories":[1],"tags":[],"class_list":["post-41466","post","type-post","status-publish","format-standard","has-post-thumbnail","hentry","category-uncategorized"],"acf":[],"yoast_head":"<!-- This site is optimized with the Yoast SEO plugin v25.5 - https:\/\/yoast.com\/wordpress\/plugins\/seo\/ -->\n<title>Si \u00e8 riunito luned\u00ec 30 dicembre il Comitato di Gestione del Parco - Parco Naturale Paneveggio Pale di San Martino<\/title>\n<meta name=\"robots\" content=\"index, follow, max-snippet:-1, max-image-preview:large, max-video-preview:-1\" \/>\n<link rel=\"canonical\" href=\"https:\/\/parcopan.org\/lunedi-30-dicembre-si-riunisce-il-comitato-di-gestione-del-parco\/\" \/>\n<meta property=\"og:locale\" content=\"en_US\" \/>\n<meta property=\"og:type\" content=\"article\" \/>\n<meta property=\"og:title\" content=\"Si \u00e8 riunito luned\u00ec 30 dicembre il Comitato di Gestione del Parco - Parco Naturale Paneveggio Pale di San Martino\" \/>\n<meta property=\"og:description\" content=\"Il Comitato di Gestione dell&#8217;Ente Parco \u201cPaneveggio \u2013 Pale di San Martino\u201d, si \u00e8 riunito LUNEDI\u2019 30 DICEMBRE 2024 alle ore 15 presso la Sala Consiliare del Comune di Primiero San Martino di Castrozza, a Fiera di Primiero, per trattare il seguente ordine del giorno: Approvato dal Comitato di Gestione nella riunione del 30 gennaio...\" \/>\n<meta property=\"og:url\" content=\"https:\/\/parcopan.org\/lunedi-30-dicembre-si-riunisce-il-comitato-di-gestione-del-parco\/\" \/>\n<meta property=\"og:site_name\" content=\"Parco Naturale Paneveggio Pale di San Martino\" \/>\n<meta property=\"article:publisher\" content=\"https:\/\/www.facebook.com\/Parcopan\/\" \/>\n<meta property=\"article:published_time\" content=\"2024-10-07T06:04:00+00:00\" \/>\n<meta property=\"article:modified_time\" content=\"2025-01-21T08:19:32+00:00\" \/>\n<meta property=\"og:image\" content=\"https:\/\/parcopan.org\/wp-content\/uploads\/2020\/12\/Ingresso-uffici-Villa-Welsperg.jpg\" \/>\n\t<meta property=\"og:image:width\" content=\"1280\" \/>\n\t<meta property=\"og:image:height\" content=\"853\" \/>\n\t<meta property=\"og:image:type\" content=\"image\/jpeg\" \/>\n<meta name=\"author\" content=\"Walter Taufer\" \/>\n<meta name=\"twitter:card\" content=\"summary_large_image\" \/>\n<meta name=\"twitter:creator\" content=\"@ParcoPaneveggio\" \/>\n<meta name=\"twitter:site\" content=\"@ParcoPaneveggio\" \/>\n<meta name=\"twitter:label1\" content=\"Written by\" \/>\n\t<meta name=\"twitter:data1\" content=\"Walter Taufer\" \/>\n\t<meta name=\"twitter:label2\" content=\"Est. reading time\" \/>\n\t<meta name=\"twitter:data2\" content=\"8 minutes\" \/>\n<script type=\"application\/ld+json\" class=\"yoast-schema-graph\">{\"@context\":\"https:\/\/schema.org\",\"@graph\":[{\"@type\":\"Article\",\"@id\":\"https:\/\/parcopan.org\/lunedi-30-dicembre-si-riunisce-il-comitato-di-gestione-del-parco\/#article\",\"isPartOf\":{\"@id\":\"https:\/\/parcopan.org\/lunedi-30-dicembre-si-riunisce-il-comitato-di-gestione-del-parco\/\"},\"author\":{\"name\":\"Walter Taufer\",\"@id\":\"https:\/\/parcopan.org\/#\/schema\/person\/09ea313c417f548831817948b8901990\"},\"headline\":\"Si \u00e8 riunito luned\u00ec 30 dicembre il Comitato di Gestione del Parco\",\"datePublished\":\"2024-10-07T06:04:00+00:00\",\"dateModified\":\"2025-01-21T08:19:32+00:00\",\"mainEntityOfPage\":{\"@id\":\"https:\/\/parcopan.org\/lunedi-30-dicembre-si-riunisce-il-comitato-di-gestione-del-parco\/\"},\"wordCount\":1451,\"publisher\":{\"@id\":\"https:\/\/parcopan.org\/#organization\"},\"image\":{\"@id\":\"https:\/\/parcopan.org\/lunedi-30-dicembre-si-riunisce-il-comitato-di-gestione-del-parco\/#primaryimage\"},\"thumbnailUrl\":\"https:\/\/parcopan.org\/wp-content\/uploads\/2020\/12\/Ingresso-uffici-Villa-Welsperg.jpg\",\"inLanguage\":\"en-US\"},{\"@type\":\"WebPage\",\"@id\":\"https:\/\/parcopan.org\/lunedi-30-dicembre-si-riunisce-il-comitato-di-gestione-del-parco\/\",\"url\":\"https:\/\/parcopan.org\/lunedi-30-dicembre-si-riunisce-il-comitato-di-gestione-del-parco\/\",\"name\":\"Si \u00e8 riunito luned\u00ec 30 dicembre il Comitato di Gestione del Parco - Parco Naturale Paneveggio Pale di San Martino\",\"isPartOf\":{\"@id\":\"https:\/\/parcopan.org\/#website\"},\"primaryImageOfPage\":{\"@id\":\"https:\/\/parcopan.org\/lunedi-30-dicembre-si-riunisce-il-comitato-di-gestione-del-parco\/#primaryimage\"},\"image\":{\"@id\":\"https:\/\/parcopan.org\/lunedi-30-dicembre-si-riunisce-il-comitato-di-gestione-del-parco\/#primaryimage\"},\"thumbnailUrl\":\"https:\/\/parcopan.org\/wp-content\/uploads\/2020\/12\/Ingresso-uffici-Villa-Welsperg.jpg\",\"datePublished\":\"2024-10-07T06:04:00+00:00\",\"dateModified\":\"2025-01-21T08:19:32+00:00\",\"breadcrumb\":{\"@id\":\"https:\/\/parcopan.org\/lunedi-30-dicembre-si-riunisce-il-comitato-di-gestione-del-parco\/#breadcrumb\"},\"inLanguage\":\"en-US\",\"potentialAction\":[{\"@type\":\"ReadAction\",\"target\":[\"https:\/\/parcopan.org\/lunedi-30-dicembre-si-riunisce-il-comitato-di-gestione-del-parco\/\"]}]},{\"@type\":\"ImageObject\",\"inLanguage\":\"en-US\",\"@id\":\"https:\/\/parcopan.org\/lunedi-30-dicembre-si-riunisce-il-comitato-di-gestione-del-parco\/#primaryimage\",\"url\":\"https:\/\/parcopan.org\/wp-content\/uploads\/2020\/12\/Ingresso-uffici-Villa-Welsperg.jpg\",\"contentUrl\":\"https:\/\/parcopan.org\/wp-content\/uploads\/2020\/12\/Ingresso-uffici-Villa-Welsperg.jpg\",\"width\":1280,\"height\":853},{\"@type\":\"BreadcrumbList\",\"@id\":\"https:\/\/parcopan.org\/lunedi-30-dicembre-si-riunisce-il-comitato-di-gestione-del-parco\/#breadcrumb\",\"itemListElement\":[{\"@type\":\"ListItem\",\"position\":1,\"name\":\"Home\",\"item\":\"https:\/\/parcopan.org\/en\/home-2\/\"},{\"@type\":\"ListItem\",\"position\":2,\"name\":\"Uncategorized\",\"item\":\"https:\/\/parcopan.org\/category\/uncategorized\/\"},{\"@type\":\"ListItem\",\"position\":3,\"name\":\"Si \u00e8 riunito luned\u00ec 30 dicembre il Comitato di Gestione del Parco\"}]},{\"@type\":\"WebSite\",\"@id\":\"https:\/\/parcopan.org\/#website\",\"url\":\"https:\/\/parcopan.org\/\",\"name\":\"Parco Naturale Paneveggio Pale di San Martino\",\"description\":\"Un Mondo di acque, rocce, foreste e storia\",\"publisher\":{\"@id\":\"https:\/\/parcopan.org\/#organization\"},\"potentialAction\":[{\"@type\":\"SearchAction\",\"target\":{\"@type\":\"EntryPoint\",\"urlTemplate\":\"https:\/\/parcopan.org\/?s={search_term_string}\"},\"query-input\":{\"@type\":\"PropertyValueSpecification\",\"valueRequired\":true,\"valueName\":\"search_term_string\"}}],\"inLanguage\":\"en-US\"},{\"@type\":\"Organization\",\"@id\":\"https:\/\/parcopan.org\/#organization\",\"name\":\"Parco Naturale Paneveggio Pale di San Martino\",\"url\":\"https:\/\/parcopan.org\/\",\"logo\":{\"@type\":\"ImageObject\",\"inLanguage\":\"en-US\",\"@id\":\"https:\/\/parcopan.org\/#\/schema\/logo\/image\/\",\"url\":\"https:\/\/parcopan.org\/wp-content\/uploads\/2019\/03\/parcopan_logo_quadrato.png\",\"contentUrl\":\"https:\/\/parcopan.org\/wp-content\/uploads\/2019\/03\/parcopan_logo_quadrato.png\",\"width\":522,\"height\":522,\"caption\":\"Parco Naturale Paneveggio Pale di San Martino\"},\"image\":{\"@id\":\"https:\/\/parcopan.org\/#\/schema\/logo\/image\/\"},\"sameAs\":[\"https:\/\/www.facebook.com\/Parcopan\/\",\"https:\/\/x.com\/ParcoPaneveggio\"]},{\"@type\":\"Person\",\"@id\":\"https:\/\/parcopan.org\/#\/schema\/person\/09ea313c417f548831817948b8901990\",\"name\":\"Walter Taufer\",\"image\":{\"@type\":\"ImageObject\",\"inLanguage\":\"en-US\",\"@id\":\"https:\/\/parcopan.org\/#\/schema\/person\/image\/\",\"url\":\"https:\/\/secure.gravatar.com\/avatar\/c9335b381753c8c8c1fef39279ccf17bdb91d89cba28d9732229a53d5c2bd03d?s=96&d=mm&r=g\",\"contentUrl\":\"https:\/\/secure.gravatar.com\/avatar\/c9335b381753c8c8c1fef39279ccf17bdb91d89cba28d9732229a53d5c2bd03d?s=96&d=mm&r=g\",\"caption\":\"Walter Taufer\"},\"url\":\"https:\/\/parcopan.org\/en\/author\/water-taufer\/\"}]}<\/script>\n<!-- \/ Yoast SEO plugin. -->","yoast_head_json":{"title":"Si \u00e8 riunito luned\u00ec 30 dicembre il Comitato di Gestione del Parco - Parco Naturale Paneveggio Pale di San Martino","robots":{"index":"index","follow":"follow","max-snippet":"max-snippet:-1","max-image-preview":"max-image-preview:large","max-video-preview":"max-video-preview:-1"},"canonical":"https:\/\/parcopan.org\/lunedi-30-dicembre-si-riunisce-il-comitato-di-gestione-del-parco\/","og_locale":"en_US","og_type":"article","og_title":"Si \u00e8 riunito luned\u00ec 30 dicembre il Comitato di Gestione del Parco - Parco Naturale Paneveggio Pale di San Martino","og_description":"Il Comitato di Gestione dell&#8217;Ente Parco \u201cPaneveggio \u2013 Pale di San Martino\u201d, si \u00e8 riunito LUNEDI\u2019 30 DICEMBRE 2024 alle ore 15 presso la Sala Consiliare del Comune di Primiero San Martino di Castrozza, a Fiera di Primiero, per trattare il seguente ordine del giorno: Approvato dal Comitato di Gestione nella riunione del 30 gennaio...","og_url":"https:\/\/parcopan.org\/lunedi-30-dicembre-si-riunisce-il-comitato-di-gestione-del-parco\/","og_site_name":"Parco Naturale Paneveggio Pale di San Martino","article_publisher":"https:\/\/www.facebook.com\/Parcopan\/","article_published_time":"2024-10-07T06:04:00+00:00","article_modified_time":"2025-01-21T08:19:32+00:00","og_image":[{"width":1280,"height":853,"url":"https:\/\/parcopan.org\/wp-content\/uploads\/2020\/12\/Ingresso-uffici-Villa-Welsperg.jpg","type":"image\/jpeg"}],"author":"Walter Taufer","twitter_card":"summary_large_image","twitter_creator":"@ParcoPaneveggio","twitter_site":"@ParcoPaneveggio","twitter_misc":{"Written by":"Walter Taufer","Est. reading time":"8 minutes"},"schema":{"@context":"https:\/\/schema.org","@graph":[{"@type":"Article","@id":"https:\/\/parcopan.org\/lunedi-30-dicembre-si-riunisce-il-comitato-di-gestione-del-parco\/#article","isPartOf":{"@id":"https:\/\/parcopan.org\/lunedi-30-dicembre-si-riunisce-il-comitato-di-gestione-del-parco\/"},"author":{"name":"Walter Taufer","@id":"https:\/\/parcopan.org\/#\/schema\/person\/09ea313c417f548831817948b8901990"},"headline":"Si \u00e8 riunito luned\u00ec 30 dicembre il Comitato di Gestione del Parco","datePublished":"2024-10-07T06:04:00+00:00","dateModified":"2025-01-21T08:19:32+00:00","mainEntityOfPage":{"@id":"https:\/\/parcopan.org\/lunedi-30-dicembre-si-riunisce-il-comitato-di-gestione-del-parco\/"},"wordCount":1451,"publisher":{"@id":"https:\/\/parcopan.org\/#organization"},"image":{"@id":"https:\/\/parcopan.org\/lunedi-30-dicembre-si-riunisce-il-comitato-di-gestione-del-parco\/#primaryimage"},"thumbnailUrl":"https:\/\/parcopan.org\/wp-content\/uploads\/2020\/12\/Ingresso-uffici-Villa-Welsperg.jpg","inLanguage":"en-US"},{"@type":"WebPage","@id":"https:\/\/parcopan.org\/lunedi-30-dicembre-si-riunisce-il-comitato-di-gestione-del-parco\/","url":"https:\/\/parcopan.org\/lunedi-30-dicembre-si-riunisce-il-comitato-di-gestione-del-parco\/","name":"Si \u00e8 riunito luned\u00ec 30 dicembre il Comitato di Gestione del Parco - Parco Naturale Paneveggio Pale di San Martino","isPartOf":{"@id":"https:\/\/parcopan.org\/#website"},"primaryImageOfPage":{"@id":"https:\/\/parcopan.org\/lunedi-30-dicembre-si-riunisce-il-comitato-di-gestione-del-parco\/#primaryimage"},"image":{"@id":"https:\/\/parcopan.org\/lunedi-30-dicembre-si-riunisce-il-comitato-di-gestione-del-parco\/#primaryimage"},"thumbnailUrl":"https:\/\/parcopan.org\/wp-content\/uploads\/2020\/12\/Ingresso-uffici-Villa-Welsperg.jpg","datePublished":"2024-10-07T06:04:00+00:00","dateModified":"2025-01-21T08:19:32+00:00","breadcrumb":{"@id":"https:\/\/parcopan.org\/lunedi-30-dicembre-si-riunisce-il-comitato-di-gestione-del-parco\/#breadcrumb"},"inLanguage":"en-US","potentialAction":[{"@type":"ReadAction","target":["https:\/\/parcopan.org\/lunedi-30-dicembre-si-riunisce-il-comitato-di-gestione-del-parco\/"]}]},{"@type":"ImageObject","inLanguage":"en-US","@id":"https:\/\/parcopan.org\/lunedi-30-dicembre-si-riunisce-il-comitato-di-gestione-del-parco\/#primaryimage","url":"https:\/\/parcopan.org\/wp-content\/uploads\/2020\/12\/Ingresso-uffici-Villa-Welsperg.jpg","contentUrl":"https:\/\/parcopan.org\/wp-content\/uploads\/2020\/12\/Ingresso-uffici-Villa-Welsperg.jpg","width":1280,"height":853},{"@type":"BreadcrumbList","@id":"https:\/\/parcopan.org\/lunedi-30-dicembre-si-riunisce-il-comitato-di-gestione-del-parco\/#breadcrumb","itemListElement":[{"@type":"ListItem","position":1,"name":"Home","item":"https:\/\/parcopan.org\/en\/home-2\/"},{"@type":"ListItem","position":2,"name":"Uncategorized","item":"https:\/\/parcopan.org\/category\/uncategorized\/"},{"@type":"ListItem","position":3,"name":"Si \u00e8 riunito luned\u00ec 30 dicembre il Comitato di Gestione del Parco"}]},{"@type":"WebSite","@id":"https:\/\/parcopan.org\/#website","url":"https:\/\/parcopan.org\/","name":"Parco Naturale Paneveggio Pale di San Martino","description":"Un Mondo di acque, rocce, foreste e storia","publisher":{"@id":"https:\/\/parcopan.org\/#organization"},"potentialAction":[{"@type":"SearchAction","target":{"@type":"EntryPoint","urlTemplate":"https:\/\/parcopan.org\/?s={search_term_string}"},"query-input":{"@type":"PropertyValueSpecification","valueRequired":true,"valueName":"search_term_string"}}],"inLanguage":"en-US"},{"@type":"Organization","@id":"https:\/\/parcopan.org\/#organization","name":"Parco Naturale Paneveggio Pale di San Martino","url":"https:\/\/parcopan.org\/","logo":{"@type":"ImageObject","inLanguage":"en-US","@id":"https:\/\/parcopan.org\/#\/schema\/logo\/image\/","url":"https:\/\/parcopan.org\/wp-content\/uploads\/2019\/03\/parcopan_logo_quadrato.png","contentUrl":"https:\/\/parcopan.org\/wp-content\/uploads\/2019\/03\/parcopan_logo_quadrato.png","width":522,"height":522,"caption":"Parco Naturale Paneveggio Pale di San Martino"},"image":{"@id":"https:\/\/parcopan.org\/#\/schema\/logo\/image\/"},"sameAs":["https:\/\/www.facebook.com\/Parcopan\/","https:\/\/x.com\/ParcoPaneveggio"]},{"@type":"Person","@id":"https:\/\/parcopan.org\/#\/schema\/person\/09ea313c417f548831817948b8901990","name":"Walter Taufer","image":{"@type":"ImageObject","inLanguage":"en-US","@id":"https:\/\/parcopan.org\/#\/schema\/person\/image\/","url":"https:\/\/secure.gravatar.com\/avatar\/c9335b381753c8c8c1fef39279ccf17bdb91d89cba28d9732229a53d5c2bd03d?s=96&d=mm&r=g","contentUrl":"https:\/\/secure.gravatar.com\/avatar\/c9335b381753c8c8c1fef39279ccf17bdb91d89cba28d9732229a53d5c2bd03d?s=96&d=mm&r=g","caption":"Walter Taufer"},"url":"https:\/\/parcopan.org\/en\/author\/water-taufer\/"}]}},"_links":{"self":[{"href":"https:\/\/parcopan.org\/en\/wp-json\/wp\/v2\/posts\/41466","targetHints":{"allow":["GET"]}}],"collection":[{"href":"https:\/\/parcopan.org\/en\/wp-json\/wp\/v2\/posts"}],"about":[{"href":"https:\/\/parcopan.org\/en\/wp-json\/wp\/v2\/types\/post"}],"author":[{"embeddable":true,"href":"https:\/\/parcopan.org\/en\/wp-json\/wp\/v2\/users\/12"}],"replies":[{"embeddable":true,"href":"https:\/\/parcopan.org\/en\/wp-json\/wp\/v2\/comments?post=41466"}],"version-history":[{"count":14,"href":"https:\/\/parcopan.org\/en\/wp-json\/wp\/v2\/posts\/41466\/revisions"}],"predecessor-version":[{"id":41752,"href":"https:\/\/parcopan.org\/en\/wp-json\/wp\/v2\/posts\/41466\/revisions\/41752"}],"wp:featuredmedia":[{"embeddable":true,"href":"https:\/\/parcopan.org\/en\/wp-json\/wp\/v2\/media\/18324"}],"wp:attachment":[{"href":"https:\/\/parcopan.org\/en\/wp-json\/wp\/v2\/media?parent=41466"}],"wp:term":[{"taxonomy":"category","embeddable":true,"href":"https:\/\/parcopan.org\/en\/wp-json\/wp\/v2\/categories?post=41466"},{"taxonomy":"post_tag","embeddable":true,"href":"https:\/\/parcopan.org\/en\/wp-json\/wp\/v2\/tags?post=41466"}],"curies":[{"name":"wp","href":"https:\/\/api.w.org\/{rel}","templated":true}]}}