{"id":40682,"date":"2024-06-08T10:44:00","date_gmt":"2024-06-08T08:44:00","guid":{"rendered":"https:\/\/parcopan.org\/?p=40682"},"modified":"2024-10-03T09:33:20","modified_gmt":"2024-10-03T07:33:20","slug":"il-comitato-di-gestione-dellente-parco-si-riunisce-lunedi-30-settembre","status":"publish","type":"post","link":"https:\/\/parcopan.org\/en\/il-comitato-di-gestione-dellente-parco-si-riunisce-lunedi-30-settembre\/","title":{"rendered":"Il Comitato di Gestione dell&#8217;Ente Parco si \u00e8 riunito luned\u00ec 30 settembre"},"content":{"rendered":"\n<p><br>Il Comitato di Gestione dell&#8217;Ente Parco \u201cPaneveggio \u2013 Pale di San Martino\u201d, si \u00e8 riunito luned\u00ec 30 settembre alle ore 14.30 presso la Sala Consiliare del Comune di Primiero San Martino di Castrozza, per trattare il seguente ordine del giorno:<\/p>\n\n\n\n<ol class=\"wp-block-list\">\n<li>nomina scrutatori della seduta odierna;<\/li>\n\n\n\n<li>esame ed approvazione del verbale della seduta precedente, di data 24 maggio 2024;<\/li>\n\n\n\n<li>D.Lgs. 23 giugno 2011, n. 118. Approvazione di variazione n. 3 del Bilancio di previsione finanziario 2024-2026 dell&#8217;Ente &#8220;Parco Paneveggio \u2013 Pale di San Martino&#8221;, ai sensi dell&#8217;articolo 50, del D.Lgs. n. 118\/2011, e di corrispondente integrazione al Piano delle Attivit\u00e0 2024-2026 dell&#8217;Ente Parco;<\/li>\n\n\n\n<li>CETS &#8211; Carta Europea del Turismo Sostenibile; illustrazione dello stato di attuazione delle attivit\u00e0 e degli interventi previsti dal Piano attuativo;<\/li>\n\n\n\n<li>varie ed eventuali.<\/li>\n<\/ol>\n\n\n\n<p><\/p>\n\n\n\n<p>L\u2019\u201cAssestamento del bilancio di previsione della Provincia autonoma di Trento per gli esercizi finanziari 2024-2026\u201d prevede ulteriori assegnazioni finanziarie per l\u2019esercizio 2024 all\u2019Ente Parco Paneveggio Pale di San Martino e precisamente euro 112.500 per far fronte alle spese di funzionamento ed euro 540.000 per le spese di investimento. Inoltre, sempre per spese di investimento sono state previste ulteriori assegnazioni sull\u2019esercizio 2025 di euro 1.090.000 e sull\u2019esercizio 2026 di euro 840.000. Relativamente all&#8217;esercizio 2024, i maggiori trasferimenti provinciali sono stati assegnati con la delibera della Giunta provinciale del 6 settembre 2024 per un totale di euro 652.500 a cui si aggiungono le maggiori entrate proprie dell\u2019Ente per euro 35.000 determinando cos\u00ec l\u2019iscrizione a bilancio 2024 di nuove entrate e di corrispondenti nuove spese per l\u2019importo totale di euro 687.500.<\/p>\n\n\n\n<p>Sono molti e diversi gli interventi che fanno riferimento a quanto deliberato nel corso della riunione del Comitato di Gestione del parco.<\/p>\n\n\n\n<p>Fra quanto un ambito importante di intervento riguarda il settore della Ricerca scientifica, con particolare attenzione al monitoraggio e alla conservazione ambientale.<\/p>\n\n\n\n<p>In questo ambito continuer\u00e0 la Collaborazione scientifica con l\u2019Universit\u00e0 di Bologna sullo studio delle comunit\u00e0 licheniche epifite, per ottenere informazioni su cui basare le future scelte gestionali finalizzate a ottimizzare la conservazione della biodiversit\u00e0 negli ecosistemi forestali. Un ulteriore aspetto della ricerca riguarda il potenziamento della popolazione di gambero di fiume nell\u2019area della Val Canali che fa seguito alle Misure di conservazione specifiche. Verr\u00e0 avviato un progetto di ricerca sull\u2019impatto dei cani sulla fauna, in particolar modo sulle interazioni sanitarie tra questi ultimi, i carnivori selvatici e gli animali da reddito, attraverso la stipula di una convenzione con il MAPS dell\u2019Universit\u00e0 di Padova. Alla raccolta di campioni far\u00e0 seguito l\u2019analisi genetica del materiale raccolto.<br>\u00c8 prevista la realizzazione di un workshop sul gallo cedrone, da realizzarsi in collaborazione con il Servizio faunistico della PAT. L\u2019obiettivo \u00e8 quello di fare il punto sulle conoscenze acquisite negli ultimi anni su questa specie, sull\u2019arco alpino italiano, definendone anche lo status e le criticit\u00e0 di conservazione.<\/p>\n\n\n\n<p>Un ambito importante di impegno del Parco risulta la conservazione e valorizzazione del territorio.<br>Rientrano qui le attivit\u00e0 previste ogni anno, a copertura dei costi della manodopera e degli acquisti di materiali, attrezzature e noli. La manutenzione risulta essere sia ordinaria che straordinaria e riguarda un elevato numero di siti e di strutture, per interventi diversificati: taglio dell\u2019erba, manutenzione degli edifici, manutenzione della rete di sentieri in carico al Parco e, su base convenzionale del catasto SAT, rifacimento di ponticelli pedonali, conservazione degli acquedotti, degli impianti e della segnaletica presenti sul territorio del Parco. Si prevedono di effettuare entro l\u2019anno dei lavori in economia diretta con gli operai assunti dall\u2019Ente per realizzare degli interventi previsti in collaborazione con amministrazioni del territorio.<\/p>\n\n\n\n<p>Fra gli interventi previsti sui beni immobili \u00e8 prevista la manutenzione straordinaria dei manti di copertura di tre edifici all\u2019interno del compendio di Villa Welsperg: il tetto del fienile, il tetto in scandole della ritonda facente parte dello stabile della villa e il tetto della chiesetta per la quale \u00e8 prevista la copertura in scandole di larice.<\/p>\n\n\n\n<p>All\u2019interno di quanto deliberato trova posto la riqualificazione infrastrutturale e comunicativa del Lago di Calaita, con l\u2019intento di riqualificare uno degli ambiti pi\u00f9 significativi e di alto valore ambientale dell\u2019intera area protetta. L\u2019obiettivo \u00e8 quello di dare la possibilit\u00e0 ai visitatori, compresi quelli portatori di disabilit\u00e0, di ammirare e accedere al Lago in maniera strutturata e di informarli in merito alla loro presenza in un\u2019area protetta, ricca di particolarit\u00e0 naturalistiche, storiche e di itinerari escursionistici. L\u2019apparato comunicativo utilizzer\u00e0 in parte tipologie gi\u00e0 presenti (vedi girevoli o bacheche) e in parte sar\u00e0 pensato in maniera tale da inserirsi nelle nuove strutture che saranno realizzate.<\/p>\n\n\n\n<p>Per quanto riguarda la CETS, la Carta Europea del Turismo Sostenibile, sono stati richiamati i cinque i grandi obiettivi della stessa per poter sviluppare un turismo che sia attento all\u2019ambiente. Il primo, si riferisce al \u201cConsolidamento della rete\u201d ed intende agevolare la partecipazione a diversi livelli: quello europeo e nazionale che vuole consolidare la relazione con Europarc Federation e con Federparchi, quello provinciale per consolidare la relazione con le Aziende per il Turismo, con il Servizio Turismo e Aree Protette della Provincia e con Trentino Marketing e il livello locale riguardante la relazione con i cittadini e gli operatori locali per dare maggiormente evidenza alle attivit\u00e0 che il Parco svolge. Il secondo obiettivo riguarda lo \u201cSviluppo del sistema turistico\u201d che prevede un impegno particolare rivolto al sistema dei rifugi, ai percorsi escursionistici e alpinistici, alla valorizzazione di alcuni siti naturali e culturali. \u201cBenessere e qualit\u00e0 della vita\u201d \u00e8 il terzo, mentre il quarto obiettivo attiene alla \u201cConservazione e tutela\u201d: \u00e8 il tema della salvaguardia del patrimonio e le emergenze ambientali per indirizzare una corretta valorizzazione turistica che passa obbligatoriamente per un\u2019opera di attenzione al patrimonio naturale. E infine l\u2019obiettivo della \u201cComunicazione e della promozione\u201d che punta a valorizzare l\u2019area protetta, raccontando le azioni connesse con il turismo sostenibile, tenendo presente la necessit\u00e0 di lavorare su messaggi coerenti in grado di veicolare le potenzialit\u00e0 di un\u2019area turistica. Sono stati ricordati gli incontri con diversi soggetti proponenti delle 26 schede\/progetto contenute all\u2019interno del Piano di Azione, lo svolgimento nello scorso mese di giugno della riunione del tavolo di coordinamento previsto dalla \u201cCarta\u201d del quale fanno parte l\u2019Ente Parco, il Servizio Sviluppo Sostenibile ed Aree protette, APT di ambito, ATA e TSM \u2013 Trentino School Management che ha il compito di monitorare le azioni.<br>\u00c8 stato comunicato che a novembre ci sar\u00e0 la riunione del Forum, spazio di confronto aperto a tutti i portatori di interesse e alla comunit\u00e0 locale, al quale spetta la rendicontazione delle attivit\u00e0, l\u2019aggiornamento e verifica dello stato di attuazione, la possibilit\u00e0 di proporre nuove azioni.<\/p>\n\n\n\n<figure class=\"wp-block-embed is-type-video is-provider-youtube wp-block-embed-youtube wp-embed-aspect-16-9 wp-has-aspect-ratio\"><div class=\"wp-block-embed__wrapper\">\n<iframe loading=\"lazy\" title=\"Riunione del Comitato di Gestione del 30 settembre 2024\" width=\"640\" height=\"360\" src=\"https:\/\/www.youtube.com\/embed\/X2hR6YN8jiQ?feature=oembed\" frameborder=\"0\" allow=\"accelerometer; autoplay; clipboard-write; encrypted-media; gyroscope; picture-in-picture; web-share\" referrerpolicy=\"strict-origin-when-cross-origin\" allowfullscreen><\/iframe>\n<\/div><\/figure>\n","protected":false},"excerpt":{"rendered":"<p>Il Comitato di Gestione dell&#8217;Ente Parco \u201cPaneveggio \u2013 Pale di San Martino\u201d, si \u00e8 riunito luned\u00ec 30 settembre alle ore 14.30 presso la Sala Consiliare del Comune di Primiero San Martino di Castrozza, per trattare il seguente ordine del giorno: L\u2019\u201cAssestamento del bilancio di previsione della Provincia autonoma di Trento per gli esercizi finanziari 2024-2026\u201d&#8230;<\/p>\n","protected":false},"author":12,"featured_media":13950,"comment_status":"closed","ping_status":"closed","sticky":false,"template":"","format":"standard","meta":{"_acf_changed":false,"footnotes":""},"categories":[463],"tags":[],"class_list":["post-40682","post","type-post","status-publish","format-standard","has-post-thumbnail","hentry","category-comunicato-istituzionale"],"acf":[],"yoast_head":"<!-- This site is optimized with the Yoast SEO plugin v25.5 - https:\/\/yoast.com\/wordpress\/plugins\/seo\/ -->\n<title>Il Comitato di Gestione dell&#039;Ente Parco si \u00e8 riunito luned\u00ec 30 settembre - Parco Naturale Paneveggio Pale di San Martino<\/title>\n<meta name=\"robots\" content=\"index, follow, max-snippet:-1, max-image-preview:large, max-video-preview:-1\" \/>\n<link rel=\"canonical\" href=\"https:\/\/parcopan.org\/il-comitato-di-gestione-dellente-parco-si-riunisce-lunedi-30-settembre\/\" \/>\n<meta property=\"og:locale\" content=\"en_US\" \/>\n<meta property=\"og:type\" content=\"article\" \/>\n<meta property=\"og:title\" content=\"Il Comitato di Gestione dell&#039;Ente Parco si \u00e8 riunito luned\u00ec 30 settembre - Parco Naturale Paneveggio Pale di San Martino\" \/>\n<meta property=\"og:description\" content=\"Il Comitato di Gestione dell&#8217;Ente Parco \u201cPaneveggio \u2013 Pale di San Martino\u201d, si \u00e8 riunito luned\u00ec 30 settembre alle ore 14.30 presso la Sala Consiliare del Comune di Primiero San Martino di Castrozza, per trattare il seguente ordine del giorno: L\u2019\u201cAssestamento del bilancio di previsione della Provincia autonoma di Trento per gli esercizi finanziari 2024-2026\u201d...\" \/>\n<meta property=\"og:url\" content=\"https:\/\/parcopan.org\/il-comitato-di-gestione-dellente-parco-si-riunisce-lunedi-30-settembre\/\" \/>\n<meta property=\"og:site_name\" content=\"Parco Naturale Paneveggio Pale di San Martino\" \/>\n<meta property=\"article:publisher\" content=\"https:\/\/www.facebook.com\/Parcopan\/\" \/>\n<meta property=\"article:published_time\" content=\"2024-06-08T08:44:00+00:00\" \/>\n<meta property=\"article:modified_time\" content=\"2024-10-03T07:33:20+00:00\" \/>\n<meta property=\"og:image\" content=\"https:\/\/parcopan.org\/wp-content\/uploads\/2019\/07\/Villa-Welsperg-banner-1.jpg\" \/>\n\t<meta property=\"og:image:width\" content=\"1320\" \/>\n\t<meta property=\"og:image:height\" content=\"400\" \/>\n\t<meta property=\"og:image:type\" content=\"image\/jpeg\" \/>\n<meta name=\"author\" content=\"Walter Taufer\" \/>\n<meta name=\"twitter:card\" content=\"summary_large_image\" \/>\n<meta name=\"twitter:creator\" content=\"@ParcoPaneveggio\" \/>\n<meta name=\"twitter:site\" content=\"@ParcoPaneveggio\" \/>\n<meta name=\"twitter:label1\" content=\"Written by\" \/>\n\t<meta name=\"twitter:data1\" content=\"Walter Taufer\" \/>\n\t<meta name=\"twitter:label2\" content=\"Est. reading time\" \/>\n\t<meta name=\"twitter:data2\" content=\"6 minutes\" \/>\n<script type=\"application\/ld+json\" class=\"yoast-schema-graph\">{\"@context\":\"https:\/\/schema.org\",\"@graph\":[{\"@type\":\"Article\",\"@id\":\"https:\/\/parcopan.org\/il-comitato-di-gestione-dellente-parco-si-riunisce-lunedi-30-settembre\/#article\",\"isPartOf\":{\"@id\":\"https:\/\/parcopan.org\/il-comitato-di-gestione-dellente-parco-si-riunisce-lunedi-30-settembre\/\"},\"author\":{\"name\":\"Walter Taufer\",\"@id\":\"https:\/\/parcopan.org\/#\/schema\/person\/09ea313c417f548831817948b8901990\"},\"headline\":\"Il Comitato di Gestione dell&#8217;Ente Parco si \u00e8 riunito luned\u00ec 30 settembre\",\"datePublished\":\"2024-06-08T08:44:00+00:00\",\"dateModified\":\"2024-10-03T07:33:20+00:00\",\"mainEntityOfPage\":{\"@id\":\"https:\/\/parcopan.org\/il-comitato-di-gestione-dellente-parco-si-riunisce-lunedi-30-settembre\/\"},\"wordCount\":1104,\"publisher\":{\"@id\":\"https:\/\/parcopan.org\/#organization\"},\"image\":{\"@id\":\"https:\/\/parcopan.org\/il-comitato-di-gestione-dellente-parco-si-riunisce-lunedi-30-settembre\/#primaryimage\"},\"thumbnailUrl\":\"https:\/\/parcopan.org\/wp-content\/uploads\/2019\/07\/Villa-Welsperg-banner-1.jpg\",\"articleSection\":[\"Comunicato istituzionale\"],\"inLanguage\":\"en-US\"},{\"@type\":\"WebPage\",\"@id\":\"https:\/\/parcopan.org\/il-comitato-di-gestione-dellente-parco-si-riunisce-lunedi-30-settembre\/\",\"url\":\"https:\/\/parcopan.org\/il-comitato-di-gestione-dellente-parco-si-riunisce-lunedi-30-settembre\/\",\"name\":\"Il Comitato di Gestione dell'Ente Parco si \u00e8 riunito luned\u00ec 30 settembre - Parco Naturale Paneveggio Pale di San Martino\",\"isPartOf\":{\"@id\":\"https:\/\/parcopan.org\/#website\"},\"primaryImageOfPage\":{\"@id\":\"https:\/\/parcopan.org\/il-comitato-di-gestione-dellente-parco-si-riunisce-lunedi-30-settembre\/#primaryimage\"},\"image\":{\"@id\":\"https:\/\/parcopan.org\/il-comitato-di-gestione-dellente-parco-si-riunisce-lunedi-30-settembre\/#primaryimage\"},\"thumbnailUrl\":\"https:\/\/parcopan.org\/wp-content\/uploads\/2019\/07\/Villa-Welsperg-banner-1.jpg\",\"datePublished\":\"2024-06-08T08:44:00+00:00\",\"dateModified\":\"2024-10-03T07:33:20+00:00\",\"breadcrumb\":{\"@id\":\"https:\/\/parcopan.org\/il-comitato-di-gestione-dellente-parco-si-riunisce-lunedi-30-settembre\/#breadcrumb\"},\"inLanguage\":\"en-US\",\"potentialAction\":[{\"@type\":\"ReadAction\",\"target\":[\"https:\/\/parcopan.org\/il-comitato-di-gestione-dellente-parco-si-riunisce-lunedi-30-settembre\/\"]}]},{\"@type\":\"ImageObject\",\"inLanguage\":\"en-US\",\"@id\":\"https:\/\/parcopan.org\/il-comitato-di-gestione-dellente-parco-si-riunisce-lunedi-30-settembre\/#primaryimage\",\"url\":\"https:\/\/parcopan.org\/wp-content\/uploads\/2019\/07\/Villa-Welsperg-banner-1.jpg\",\"contentUrl\":\"https:\/\/parcopan.org\/wp-content\/uploads\/2019\/07\/Villa-Welsperg-banner-1.jpg\",\"width\":1320,\"height\":400},{\"@type\":\"BreadcrumbList\",\"@id\":\"https:\/\/parcopan.org\/il-comitato-di-gestione-dellente-parco-si-riunisce-lunedi-30-settembre\/#breadcrumb\",\"itemListElement\":[{\"@type\":\"ListItem\",\"position\":1,\"name\":\"Home\",\"item\":\"https:\/\/parcopan.org\/en\/home-2\/\"},{\"@type\":\"ListItem\",\"position\":2,\"name\":\"Comunicato istituzionale\",\"item\":\"https:\/\/parcopan.org\/category\/comunicato-istituzionale\/\"},{\"@type\":\"ListItem\",\"position\":3,\"name\":\"Il Comitato di Gestione dell&#8217;Ente Parco si \u00e8 riunito luned\u00ec 30 settembre\"}]},{\"@type\":\"WebSite\",\"@id\":\"https:\/\/parcopan.org\/#website\",\"url\":\"https:\/\/parcopan.org\/\",\"name\":\"Parco Naturale Paneveggio Pale di San Martino\",\"description\":\"Un Mondo di acque, rocce, foreste e storia\",\"publisher\":{\"@id\":\"https:\/\/parcopan.org\/#organization\"},\"potentialAction\":[{\"@type\":\"SearchAction\",\"target\":{\"@type\":\"EntryPoint\",\"urlTemplate\":\"https:\/\/parcopan.org\/?s={search_term_string}\"},\"query-input\":{\"@type\":\"PropertyValueSpecification\",\"valueRequired\":true,\"valueName\":\"search_term_string\"}}],\"inLanguage\":\"en-US\"},{\"@type\":\"Organization\",\"@id\":\"https:\/\/parcopan.org\/#organization\",\"name\":\"Parco Naturale Paneveggio Pale di San Martino\",\"url\":\"https:\/\/parcopan.org\/\",\"logo\":{\"@type\":\"ImageObject\",\"inLanguage\":\"en-US\",\"@id\":\"https:\/\/parcopan.org\/#\/schema\/logo\/image\/\",\"url\":\"https:\/\/parcopan.org\/wp-content\/uploads\/2019\/03\/parcopan_logo_quadrato.png\",\"contentUrl\":\"https:\/\/parcopan.org\/wp-content\/uploads\/2019\/03\/parcopan_logo_quadrato.png\",\"width\":522,\"height\":522,\"caption\":\"Parco Naturale Paneveggio Pale di San Martino\"},\"image\":{\"@id\":\"https:\/\/parcopan.org\/#\/schema\/logo\/image\/\"},\"sameAs\":[\"https:\/\/www.facebook.com\/Parcopan\/\",\"https:\/\/x.com\/ParcoPaneveggio\"]},{\"@type\":\"Person\",\"@id\":\"https:\/\/parcopan.org\/#\/schema\/person\/09ea313c417f548831817948b8901990\",\"name\":\"Walter Taufer\",\"image\":{\"@type\":\"ImageObject\",\"inLanguage\":\"en-US\",\"@id\":\"https:\/\/parcopan.org\/#\/schema\/person\/image\/\",\"url\":\"https:\/\/secure.gravatar.com\/avatar\/c9335b381753c8c8c1fef39279ccf17bdb91d89cba28d9732229a53d5c2bd03d?s=96&d=mm&r=g\",\"contentUrl\":\"https:\/\/secure.gravatar.com\/avatar\/c9335b381753c8c8c1fef39279ccf17bdb91d89cba28d9732229a53d5c2bd03d?s=96&d=mm&r=g\",\"caption\":\"Walter Taufer\"},\"url\":\"https:\/\/parcopan.org\/en\/author\/water-taufer\/\"}]}<\/script>\n<!-- \/ Yoast SEO plugin. -->","yoast_head_json":{"title":"Il Comitato di Gestione dell'Ente Parco si \u00e8 riunito luned\u00ec 30 settembre - Parco Naturale Paneveggio Pale di San Martino","robots":{"index":"index","follow":"follow","max-snippet":"max-snippet:-1","max-image-preview":"max-image-preview:large","max-video-preview":"max-video-preview:-1"},"canonical":"https:\/\/parcopan.org\/il-comitato-di-gestione-dellente-parco-si-riunisce-lunedi-30-settembre\/","og_locale":"en_US","og_type":"article","og_title":"Il Comitato di Gestione dell'Ente Parco si \u00e8 riunito luned\u00ec 30 settembre - Parco Naturale Paneveggio Pale di San Martino","og_description":"Il Comitato di Gestione dell&#8217;Ente Parco \u201cPaneveggio \u2013 Pale di San Martino\u201d, si \u00e8 riunito luned\u00ec 30 settembre alle ore 14.30 presso la Sala Consiliare del Comune di Primiero San Martino di Castrozza, per trattare il seguente ordine del giorno: L\u2019\u201cAssestamento del bilancio di previsione della Provincia autonoma di Trento per gli esercizi finanziari 2024-2026\u201d...","og_url":"https:\/\/parcopan.org\/il-comitato-di-gestione-dellente-parco-si-riunisce-lunedi-30-settembre\/","og_site_name":"Parco Naturale Paneveggio Pale di San Martino","article_publisher":"https:\/\/www.facebook.com\/Parcopan\/","article_published_time":"2024-06-08T08:44:00+00:00","article_modified_time":"2024-10-03T07:33:20+00:00","og_image":[{"width":1320,"height":400,"url":"https:\/\/parcopan.org\/wp-content\/uploads\/2019\/07\/Villa-Welsperg-banner-1.jpg","type":"image\/jpeg"}],"author":"Walter Taufer","twitter_card":"summary_large_image","twitter_creator":"@ParcoPaneveggio","twitter_site":"@ParcoPaneveggio","twitter_misc":{"Written by":"Walter Taufer","Est. reading time":"6 minutes"},"schema":{"@context":"https:\/\/schema.org","@graph":[{"@type":"Article","@id":"https:\/\/parcopan.org\/il-comitato-di-gestione-dellente-parco-si-riunisce-lunedi-30-settembre\/#article","isPartOf":{"@id":"https:\/\/parcopan.org\/il-comitato-di-gestione-dellente-parco-si-riunisce-lunedi-30-settembre\/"},"author":{"name":"Walter Taufer","@id":"https:\/\/parcopan.org\/#\/schema\/person\/09ea313c417f548831817948b8901990"},"headline":"Il Comitato di Gestione dell&#8217;Ente Parco si \u00e8 riunito luned\u00ec 30 settembre","datePublished":"2024-06-08T08:44:00+00:00","dateModified":"2024-10-03T07:33:20+00:00","mainEntityOfPage":{"@id":"https:\/\/parcopan.org\/il-comitato-di-gestione-dellente-parco-si-riunisce-lunedi-30-settembre\/"},"wordCount":1104,"publisher":{"@id":"https:\/\/parcopan.org\/#organization"},"image":{"@id":"https:\/\/parcopan.org\/il-comitato-di-gestione-dellente-parco-si-riunisce-lunedi-30-settembre\/#primaryimage"},"thumbnailUrl":"https:\/\/parcopan.org\/wp-content\/uploads\/2019\/07\/Villa-Welsperg-banner-1.jpg","articleSection":["Comunicato istituzionale"],"inLanguage":"en-US"},{"@type":"WebPage","@id":"https:\/\/parcopan.org\/il-comitato-di-gestione-dellente-parco-si-riunisce-lunedi-30-settembre\/","url":"https:\/\/parcopan.org\/il-comitato-di-gestione-dellente-parco-si-riunisce-lunedi-30-settembre\/","name":"Il Comitato di Gestione dell'Ente Parco si \u00e8 riunito luned\u00ec 30 settembre - Parco Naturale Paneveggio Pale di San Martino","isPartOf":{"@id":"https:\/\/parcopan.org\/#website"},"primaryImageOfPage":{"@id":"https:\/\/parcopan.org\/il-comitato-di-gestione-dellente-parco-si-riunisce-lunedi-30-settembre\/#primaryimage"},"image":{"@id":"https:\/\/parcopan.org\/il-comitato-di-gestione-dellente-parco-si-riunisce-lunedi-30-settembre\/#primaryimage"},"thumbnailUrl":"https:\/\/parcopan.org\/wp-content\/uploads\/2019\/07\/Villa-Welsperg-banner-1.jpg","datePublished":"2024-06-08T08:44:00+00:00","dateModified":"2024-10-03T07:33:20+00:00","breadcrumb":{"@id":"https:\/\/parcopan.org\/il-comitato-di-gestione-dellente-parco-si-riunisce-lunedi-30-settembre\/#breadcrumb"},"inLanguage":"en-US","potentialAction":[{"@type":"ReadAction","target":["https:\/\/parcopan.org\/il-comitato-di-gestione-dellente-parco-si-riunisce-lunedi-30-settembre\/"]}]},{"@type":"ImageObject","inLanguage":"en-US","@id":"https:\/\/parcopan.org\/il-comitato-di-gestione-dellente-parco-si-riunisce-lunedi-30-settembre\/#primaryimage","url":"https:\/\/parcopan.org\/wp-content\/uploads\/2019\/07\/Villa-Welsperg-banner-1.jpg","contentUrl":"https:\/\/parcopan.org\/wp-content\/uploads\/2019\/07\/Villa-Welsperg-banner-1.jpg","width":1320,"height":400},{"@type":"BreadcrumbList","@id":"https:\/\/parcopan.org\/il-comitato-di-gestione-dellente-parco-si-riunisce-lunedi-30-settembre\/#breadcrumb","itemListElement":[{"@type":"ListItem","position":1,"name":"Home","item":"https:\/\/parcopan.org\/en\/home-2\/"},{"@type":"ListItem","position":2,"name":"Comunicato istituzionale","item":"https:\/\/parcopan.org\/category\/comunicato-istituzionale\/"},{"@type":"ListItem","position":3,"name":"Il Comitato di Gestione dell&#8217;Ente Parco si \u00e8 riunito luned\u00ec 30 settembre"}]},{"@type":"WebSite","@id":"https:\/\/parcopan.org\/#website","url":"https:\/\/parcopan.org\/","name":"Parco Naturale Paneveggio Pale di San Martino","description":"Un Mondo di acque, rocce, foreste e storia","publisher":{"@id":"https:\/\/parcopan.org\/#organization"},"potentialAction":[{"@type":"SearchAction","target":{"@type":"EntryPoint","urlTemplate":"https:\/\/parcopan.org\/?s={search_term_string}"},"query-input":{"@type":"PropertyValueSpecification","valueRequired":true,"valueName":"search_term_string"}}],"inLanguage":"en-US"},{"@type":"Organization","@id":"https:\/\/parcopan.org\/#organization","name":"Parco Naturale Paneveggio Pale di San Martino","url":"https:\/\/parcopan.org\/","logo":{"@type":"ImageObject","inLanguage":"en-US","@id":"https:\/\/parcopan.org\/#\/schema\/logo\/image\/","url":"https:\/\/parcopan.org\/wp-content\/uploads\/2019\/03\/parcopan_logo_quadrato.png","contentUrl":"https:\/\/parcopan.org\/wp-content\/uploads\/2019\/03\/parcopan_logo_quadrato.png","width":522,"height":522,"caption":"Parco Naturale Paneveggio Pale di San Martino"},"image":{"@id":"https:\/\/parcopan.org\/#\/schema\/logo\/image\/"},"sameAs":["https:\/\/www.facebook.com\/Parcopan\/","https:\/\/x.com\/ParcoPaneveggio"]},{"@type":"Person","@id":"https:\/\/parcopan.org\/#\/schema\/person\/09ea313c417f548831817948b8901990","name":"Walter Taufer","image":{"@type":"ImageObject","inLanguage":"en-US","@id":"https:\/\/parcopan.org\/#\/schema\/person\/image\/","url":"https:\/\/secure.gravatar.com\/avatar\/c9335b381753c8c8c1fef39279ccf17bdb91d89cba28d9732229a53d5c2bd03d?s=96&d=mm&r=g","contentUrl":"https:\/\/secure.gravatar.com\/avatar\/c9335b381753c8c8c1fef39279ccf17bdb91d89cba28d9732229a53d5c2bd03d?s=96&d=mm&r=g","caption":"Walter Taufer"},"url":"https:\/\/parcopan.org\/en\/author\/water-taufer\/"}]}},"_links":{"self":[{"href":"https:\/\/parcopan.org\/en\/wp-json\/wp\/v2\/posts\/40682","targetHints":{"allow":["GET"]}}],"collection":[{"href":"https:\/\/parcopan.org\/en\/wp-json\/wp\/v2\/posts"}],"about":[{"href":"https:\/\/parcopan.org\/en\/wp-json\/wp\/v2\/types\/post"}],"author":[{"embeddable":true,"href":"https:\/\/parcopan.org\/en\/wp-json\/wp\/v2\/users\/12"}],"replies":[{"embeddable":true,"href":"https:\/\/parcopan.org\/en\/wp-json\/wp\/v2\/comments?post=40682"}],"version-history":[{"count":10,"href":"https:\/\/parcopan.org\/en\/wp-json\/wp\/v2\/posts\/40682\/revisions"}],"predecessor-version":[{"id":40751,"href":"https:\/\/parcopan.org\/en\/wp-json\/wp\/v2\/posts\/40682\/revisions\/40751"}],"wp:featuredmedia":[{"embeddable":true,"href":"https:\/\/parcopan.org\/en\/wp-json\/wp\/v2\/media\/13950"}],"wp:attachment":[{"href":"https:\/\/parcopan.org\/en\/wp-json\/wp\/v2\/media?parent=40682"}],"wp:term":[{"taxonomy":"category","embeddable":true,"href":"https:\/\/parcopan.org\/en\/wp-json\/wp\/v2\/categories?post=40682"},{"taxonomy":"post_tag","embeddable":true,"href":"https:\/\/parcopan.org\/en\/wp-json\/wp\/v2\/tags?post=40682"}],"curies":[{"name":"wp","href":"https:\/\/api.w.org\/{rel}","templated":true}]}}