{"id":39876,"date":"2024-05-30T12:23:00","date_gmt":"2024-05-30T10:23:00","guid":{"rendered":"https:\/\/parcopan.org\/?p=39876"},"modified":"2024-08-19T11:55:49","modified_gmt":"2024-08-19T09:55:49","slug":"un-pomeriggio-di-letteratura-e-musica-in-val-canali","status":"publish","type":"post","link":"https:\/\/parcopan.org\/en\/un-pomeriggio-di-letteratura-e-musica-in-val-canali\/","title":{"rendered":"Un pomeriggio di letteratura e musica in Val Canali"},"content":{"rendered":"\n<p><strong>Sabato 3 agosto, ore 16 a Villa Welsperg<\/strong> in Val Canali, nell\u2019ambito delle attivit\u00e0 dedicate alla mostra <em>Bambini di montagna Storie d\u2019infanzia con sguardi sul mondo 1890\u20131960-2024<\/em> si svolger\u00e0 il primo t\u00e8 letterario con lo <strong>storico e ricercatore<\/strong> <strong>Quinto Antonelli<\/strong> dedicato alla riscoperta della<strong> figura di Heidi<\/strong>, sorseggiando una tisana alle erbe di montagna.<\/p>\n\n\n\n<p>Heidi, diminuitivo di Adelheid, \u00e8 la piccola protagonista di due romanzi di<strong> Johanna Spyri<\/strong>: Heidi impara e viaggia (1880), Heidi si vale di ci\u00f2 che ha imparato (1881). La Spyri ricrea in Heidi il mondo della sua infanzia lasciandosi guidare dalla sua religiosit\u00e0 riformata e dalla filosofia di Jean-Jacques Rousseau.<\/p>\n\n\n\n<p>I libri di Heidi hanno avuto un\u2019enorme diffusione e sono stati tradotti in pi\u00f9 di cinquanta lingue. Ma il successo del personaggio, unica bambina \u201cdi montagna\u201d della letteratura per l\u2019infanzia, \u00e8 stato decretato dai film (una trentina) e ancor pi\u00f9 dalla serie animata giapponese di Isao Takahata degli anni \u201870 che d\u00e0 vita ad una vera e propria icona popolare che tuttavia ha poco in comune con l\u2019orfanella svizzera creata dalla Spyri.<\/p>\n\n\n\n<p>Ma la storia di Heidi \u00e8 solo apparentemente semplice. In realt\u00e0 ci pone questioni complesse, ci coinvolge nella disputa tra due visioni del mondo, tra due sistemi di vita: l\u2019Alpe del nonno e l\u2019industriosa Francoforte. Insomma un personaggio tutto da scoprire.<\/p>\n\n\n\n<p><strong>A seguire, alle ore 17.30 circa, in loc. Cesurette<\/strong> in Val Canali, avr\u00e0 luogo il <strong>concerto \u201cWOOD-STUCK<\/strong> concerto per mettere radici\u201d nell\u2019ambito della rassegna I\u2019MBOSCARTE natura, gesto, suono 2024 a cura di Art(h)emigra Satellite.<\/p>\n\n\n\n<p>L\u2019edizione di quest\u2019anno dal titolo \u201cNATIVI \/ E \u2013 essere e diventare\u201d ruota intorno al tema di <strong>origine<\/strong> e <strong>appartenenza<\/strong> come spunto di riflessione per un ritorno alla terra, al di l\u00e0 della propria etnia. Il tema di fondo \u00e8 quanto mai attuale e la domanda che ne sintetizza la sfida \u00e8: \u00c8 possibile ridiventare nativi\/e in senso contemporaneo? Ritrovare la relazione con il mondo come parte di un ecosistema proprio grazie a ci\u00f2 che ci differenzia?<br>Questo concerto mette insieme artiste e artisti innamorate e innamorati di questi luoghi nella cui ricerca vive un senso profondo di ispirazione legata alla natura. L&#8217;intento sotteso \u00e8 di evidenziare che diventare guardiani della Terra \u00e8 un processo trasformativo ed evolutivo che pu\u00f2 interessare tutti!<\/p>\n\n\n\n<p><strong>OHANA<\/strong> Giorgia, Guinnyevere, Jimmi Trotter e Zita Zeni &#8211; <strong>canti nativi lontani e vicini.<\/strong> Quattro anime di valle, ben note, per le belle note, si ritrovano, una notte, a scavare nel tempo per cantare ci\u00f2 che \u00e8 perso. O meglio, quasi perso: e cos\u00ec, nasce un repertorio che celebra la cultura pellerossa come quella di chi, con forte spirito, in valle si rompeva le ossa, lavorando duro e poi cantando, in sintonia col mondo.<\/p>\n\n\n\n<p><strong>@NEVADA<\/strong> -\u2018o\u2019- band pop obliquo \u2013 <strong>canti di persone e Natura Nevada <\/strong>\u00e8 una creatura musicale che suona pop obliquo in modo autogestito; le canzoni che canta somigliano a dei quadri dai colori cangianti e riflettono attimi di fragilit\u00e0 e pensiero sull\u2019oggi, mentre la Natura intorno, vibra operosa.<\/p>\n\n\n\n<p><strong>PINO NUVOLA<\/strong> \u2013 <strong>american primitive<\/strong> \u2013 con il nuovo disco: <em>C<\/em><em>apre, lupi, dirupi e alberi frementi. <\/em>Pino Nuvola torna a trovarci e porta con s\u00e9 nuovi brani, dove le armonie e gli intrecci si fanno pi\u00f9 contemporanee e pi\u00f9 stretti. Rimane la sensazione d\u2019esser braccati ma ancora in fuga, coi sensi acuiti dall\u2019istinto, con dita gravide d\u2019esperienze, con sangue freddo e muscoli caldi.<\/p>\n\n\n\n<p>Al termine aperitivo.<br>In caso di maltempo il concerto si terr\u00e0 presso Villa Welsperg.<\/p>\n\n\n\n<p>Ingresso libero e responsabile \/ prenotazione consigliata Nell&#8217;ambito di I&#8217;MBOSCARTE natura gesto suono Info: <a href=\"mailto:arthemigra@gmail.com\">arthemigra@gmail.com<\/a> o 334 9534473<\/p>\n","protected":false},"excerpt":{"rendered":"<p>Un t\u00e8 letterario in compagnia dello storico e ricercatore Quinto Antonelli, sorseggiando una tisana  alle erbe di montagna; un modo diverso per riscoprire la figura di Heidi, l\u2019unica \u201cbambina di montagna\u201d nella letteratura d\u2019infanzia. A seguire \u201cWOOD-STUCK \u2013 concerti per mettere radici\u201d, interpreti locali e non nella cui ricerca vive un senso profondo di ispirazione legata alla natura; canti nativi vicini e lontani, pop obliquo \u2013 canti di persone e Natura e American Primitive.<\/p>\n","protected":false},"author":12,"featured_media":39919,"comment_status":"closed","ping_status":"closed","sticky":false,"template":"","format":"standard","meta":{"_acf_changed":false,"footnotes":""},"categories":[1],"tags":[],"class_list":["post-39876","post","type-post","status-publish","format-standard","has-post-thumbnail","hentry","category-uncategorized"],"acf":[],"yoast_head":"<!-- This site is optimized with the Yoast SEO plugin v25.5 - https:\/\/yoast.com\/wordpress\/plugins\/seo\/ -->\n<title>Un pomeriggio di letteratura e musica in Val Canali - Parco Naturale Paneveggio Pale di San Martino<\/title>\n<meta name=\"robots\" content=\"index, follow, max-snippet:-1, max-image-preview:large, max-video-preview:-1\" \/>\n<link rel=\"canonical\" href=\"https:\/\/parcopan.org\/un-pomeriggio-di-letteratura-e-musica-in-val-canali\/\" \/>\n<meta property=\"og:locale\" content=\"en_US\" \/>\n<meta property=\"og:type\" content=\"article\" \/>\n<meta property=\"og:title\" content=\"Un pomeriggio di letteratura e musica in Val Canali - Parco Naturale Paneveggio Pale di San Martino\" \/>\n<meta property=\"og:description\" content=\"Un t\u00e8 letterario in compagnia dello storico e ricercatore Quinto Antonelli, sorseggiando una tisana alle erbe di montagna; un modo diverso per riscoprire la figura di Heidi, l\u2019unica \u201cbambina di montagna\u201d nella letteratura d\u2019infanzia. A seguire \u201cWOOD-STUCK \u2013 concerti per mettere radici\u201d, interpreti locali e non nella cui ricerca vive un senso profondo di ispirazione legata alla natura; canti nativi vicini e lontani, pop obliquo \u2013 canti di persone e Natura e American Primitive.\" \/>\n<meta property=\"og:url\" content=\"https:\/\/parcopan.org\/un-pomeriggio-di-letteratura-e-musica-in-val-canali\/\" \/>\n<meta property=\"og:site_name\" content=\"Parco Naturale Paneveggio Pale di San Martino\" \/>\n<meta property=\"article:publisher\" content=\"https:\/\/www.facebook.com\/Parcopan\/\" \/>\n<meta property=\"article:published_time\" content=\"2024-05-30T10:23:00+00:00\" \/>\n<meta property=\"article:modified_time\" content=\"2024-08-19T09:55:49+00:00\" \/>\n<meta property=\"og:image\" content=\"https:\/\/parcopan.org\/wp-content\/uploads\/2024\/07\/Sezione-Heidi-copertina-1-scaled.jpg\" \/>\n\t<meta property=\"og:image:width\" content=\"2560\" \/>\n\t<meta property=\"og:image:height\" content=\"1182\" \/>\n\t<meta property=\"og:image:type\" content=\"image\/jpeg\" \/>\n<meta name=\"author\" content=\"Walter Taufer\" \/>\n<meta name=\"twitter:card\" content=\"summary_large_image\" \/>\n<meta name=\"twitter:creator\" content=\"@ParcoPaneveggio\" \/>\n<meta name=\"twitter:site\" content=\"@ParcoPaneveggio\" \/>\n<meta name=\"twitter:label1\" content=\"Written by\" \/>\n\t<meta name=\"twitter:data1\" content=\"Walter Taufer\" \/>\n\t<meta name=\"twitter:label2\" content=\"Est. reading time\" \/>\n\t<meta name=\"twitter:data2\" content=\"4 minutes\" \/>\n<script type=\"application\/ld+json\" class=\"yoast-schema-graph\">{\"@context\":\"https:\/\/schema.org\",\"@graph\":[{\"@type\":\"Article\",\"@id\":\"https:\/\/parcopan.org\/un-pomeriggio-di-letteratura-e-musica-in-val-canali\/#article\",\"isPartOf\":{\"@id\":\"https:\/\/parcopan.org\/un-pomeriggio-di-letteratura-e-musica-in-val-canali\/\"},\"author\":{\"name\":\"Walter Taufer\",\"@id\":\"https:\/\/parcopan.org\/#\/schema\/person\/09ea313c417f548831817948b8901990\"},\"headline\":\"Un pomeriggio di letteratura e musica in Val Canali\",\"datePublished\":\"2024-05-30T10:23:00+00:00\",\"dateModified\":\"2024-08-19T09:55:49+00:00\",\"mainEntityOfPage\":{\"@id\":\"https:\/\/parcopan.org\/un-pomeriggio-di-letteratura-e-musica-in-val-canali\/\"},\"wordCount\":600,\"publisher\":{\"@id\":\"https:\/\/parcopan.org\/#organization\"},\"image\":{\"@id\":\"https:\/\/parcopan.org\/un-pomeriggio-di-letteratura-e-musica-in-val-canali\/#primaryimage\"},\"thumbnailUrl\":\"https:\/\/parcopan.org\/wp-content\/uploads\/2024\/07\/Sezione-Heidi-copertina-1-scaled.jpg\",\"inLanguage\":\"en-US\"},{\"@type\":\"WebPage\",\"@id\":\"https:\/\/parcopan.org\/un-pomeriggio-di-letteratura-e-musica-in-val-canali\/\",\"url\":\"https:\/\/parcopan.org\/un-pomeriggio-di-letteratura-e-musica-in-val-canali\/\",\"name\":\"Un pomeriggio di letteratura e musica in Val Canali - Parco Naturale Paneveggio Pale di San Martino\",\"isPartOf\":{\"@id\":\"https:\/\/parcopan.org\/#website\"},\"primaryImageOfPage\":{\"@id\":\"https:\/\/parcopan.org\/un-pomeriggio-di-letteratura-e-musica-in-val-canali\/#primaryimage\"},\"image\":{\"@id\":\"https:\/\/parcopan.org\/un-pomeriggio-di-letteratura-e-musica-in-val-canali\/#primaryimage\"},\"thumbnailUrl\":\"https:\/\/parcopan.org\/wp-content\/uploads\/2024\/07\/Sezione-Heidi-copertina-1-scaled.jpg\",\"datePublished\":\"2024-05-30T10:23:00+00:00\",\"dateModified\":\"2024-08-19T09:55:49+00:00\",\"breadcrumb\":{\"@id\":\"https:\/\/parcopan.org\/un-pomeriggio-di-letteratura-e-musica-in-val-canali\/#breadcrumb\"},\"inLanguage\":\"en-US\",\"potentialAction\":[{\"@type\":\"ReadAction\",\"target\":[\"https:\/\/parcopan.org\/un-pomeriggio-di-letteratura-e-musica-in-val-canali\/\"]}]},{\"@type\":\"ImageObject\",\"inLanguage\":\"en-US\",\"@id\":\"https:\/\/parcopan.org\/un-pomeriggio-di-letteratura-e-musica-in-val-canali\/#primaryimage\",\"url\":\"https:\/\/parcopan.org\/wp-content\/uploads\/2024\/07\/Sezione-Heidi-copertina-1-scaled.jpg\",\"contentUrl\":\"https:\/\/parcopan.org\/wp-content\/uploads\/2024\/07\/Sezione-Heidi-copertina-1-scaled.jpg\",\"width\":2560,\"height\":1182,\"caption\":\"oppo_1024\"},{\"@type\":\"BreadcrumbList\",\"@id\":\"https:\/\/parcopan.org\/un-pomeriggio-di-letteratura-e-musica-in-val-canali\/#breadcrumb\",\"itemListElement\":[{\"@type\":\"ListItem\",\"position\":1,\"name\":\"Home\",\"item\":\"https:\/\/parcopan.org\/en\/home-2\/\"},{\"@type\":\"ListItem\",\"position\":2,\"name\":\"Uncategorized\",\"item\":\"https:\/\/parcopan.org\/category\/uncategorized\/\"},{\"@type\":\"ListItem\",\"position\":3,\"name\":\"Un pomeriggio di letteratura e musica in Val Canali\"}]},{\"@type\":\"WebSite\",\"@id\":\"https:\/\/parcopan.org\/#website\",\"url\":\"https:\/\/parcopan.org\/\",\"name\":\"Parco Naturale Paneveggio Pale di San Martino\",\"description\":\"Un Mondo di acque, rocce, foreste e storia\",\"publisher\":{\"@id\":\"https:\/\/parcopan.org\/#organization\"},\"potentialAction\":[{\"@type\":\"SearchAction\",\"target\":{\"@type\":\"EntryPoint\",\"urlTemplate\":\"https:\/\/parcopan.org\/?s={search_term_string}\"},\"query-input\":{\"@type\":\"PropertyValueSpecification\",\"valueRequired\":true,\"valueName\":\"search_term_string\"}}],\"inLanguage\":\"en-US\"},{\"@type\":\"Organization\",\"@id\":\"https:\/\/parcopan.org\/#organization\",\"name\":\"Parco Naturale Paneveggio Pale di San Martino\",\"url\":\"https:\/\/parcopan.org\/\",\"logo\":{\"@type\":\"ImageObject\",\"inLanguage\":\"en-US\",\"@id\":\"https:\/\/parcopan.org\/#\/schema\/logo\/image\/\",\"url\":\"https:\/\/parcopan.org\/wp-content\/uploads\/2019\/03\/parcopan_logo_quadrato.png\",\"contentUrl\":\"https:\/\/parcopan.org\/wp-content\/uploads\/2019\/03\/parcopan_logo_quadrato.png\",\"width\":522,\"height\":522,\"caption\":\"Parco Naturale Paneveggio Pale di San Martino\"},\"image\":{\"@id\":\"https:\/\/parcopan.org\/#\/schema\/logo\/image\/\"},\"sameAs\":[\"https:\/\/www.facebook.com\/Parcopan\/\",\"https:\/\/x.com\/ParcoPaneveggio\"]},{\"@type\":\"Person\",\"@id\":\"https:\/\/parcopan.org\/#\/schema\/person\/09ea313c417f548831817948b8901990\",\"name\":\"Walter Taufer\",\"image\":{\"@type\":\"ImageObject\",\"inLanguage\":\"en-US\",\"@id\":\"https:\/\/parcopan.org\/#\/schema\/person\/image\/\",\"url\":\"https:\/\/secure.gravatar.com\/avatar\/c9335b381753c8c8c1fef39279ccf17bdb91d89cba28d9732229a53d5c2bd03d?s=96&d=mm&r=g\",\"contentUrl\":\"https:\/\/secure.gravatar.com\/avatar\/c9335b381753c8c8c1fef39279ccf17bdb91d89cba28d9732229a53d5c2bd03d?s=96&d=mm&r=g\",\"caption\":\"Walter Taufer\"},\"url\":\"https:\/\/parcopan.org\/en\/author\/water-taufer\/\"}]}<\/script>\n<!-- \/ Yoast SEO plugin. -->","yoast_head_json":{"title":"Un pomeriggio di letteratura e musica in Val Canali - Parco Naturale Paneveggio Pale di San Martino","robots":{"index":"index","follow":"follow","max-snippet":"max-snippet:-1","max-image-preview":"max-image-preview:large","max-video-preview":"max-video-preview:-1"},"canonical":"https:\/\/parcopan.org\/un-pomeriggio-di-letteratura-e-musica-in-val-canali\/","og_locale":"en_US","og_type":"article","og_title":"Un pomeriggio di letteratura e musica in Val Canali - Parco Naturale Paneveggio Pale di San Martino","og_description":"Un t\u00e8 letterario in compagnia dello storico e ricercatore Quinto Antonelli, sorseggiando una tisana alle erbe di montagna; un modo diverso per riscoprire la figura di Heidi, l\u2019unica \u201cbambina di montagna\u201d nella letteratura d\u2019infanzia. A seguire \u201cWOOD-STUCK \u2013 concerti per mettere radici\u201d, interpreti locali e non nella cui ricerca vive un senso profondo di ispirazione legata alla natura; canti nativi vicini e lontani, pop obliquo \u2013 canti di persone e Natura e American Primitive.","og_url":"https:\/\/parcopan.org\/un-pomeriggio-di-letteratura-e-musica-in-val-canali\/","og_site_name":"Parco Naturale Paneveggio Pale di San Martino","article_publisher":"https:\/\/www.facebook.com\/Parcopan\/","article_published_time":"2024-05-30T10:23:00+00:00","article_modified_time":"2024-08-19T09:55:49+00:00","og_image":[{"width":2560,"height":1182,"url":"https:\/\/parcopan.org\/wp-content\/uploads\/2024\/07\/Sezione-Heidi-copertina-1-scaled.jpg","type":"image\/jpeg"}],"author":"Walter Taufer","twitter_card":"summary_large_image","twitter_creator":"@ParcoPaneveggio","twitter_site":"@ParcoPaneveggio","twitter_misc":{"Written by":"Walter Taufer","Est. reading time":"4 minutes"},"schema":{"@context":"https:\/\/schema.org","@graph":[{"@type":"Article","@id":"https:\/\/parcopan.org\/un-pomeriggio-di-letteratura-e-musica-in-val-canali\/#article","isPartOf":{"@id":"https:\/\/parcopan.org\/un-pomeriggio-di-letteratura-e-musica-in-val-canali\/"},"author":{"name":"Walter Taufer","@id":"https:\/\/parcopan.org\/#\/schema\/person\/09ea313c417f548831817948b8901990"},"headline":"Un pomeriggio di letteratura e musica in Val Canali","datePublished":"2024-05-30T10:23:00+00:00","dateModified":"2024-08-19T09:55:49+00:00","mainEntityOfPage":{"@id":"https:\/\/parcopan.org\/un-pomeriggio-di-letteratura-e-musica-in-val-canali\/"},"wordCount":600,"publisher":{"@id":"https:\/\/parcopan.org\/#organization"},"image":{"@id":"https:\/\/parcopan.org\/un-pomeriggio-di-letteratura-e-musica-in-val-canali\/#primaryimage"},"thumbnailUrl":"https:\/\/parcopan.org\/wp-content\/uploads\/2024\/07\/Sezione-Heidi-copertina-1-scaled.jpg","inLanguage":"en-US"},{"@type":"WebPage","@id":"https:\/\/parcopan.org\/un-pomeriggio-di-letteratura-e-musica-in-val-canali\/","url":"https:\/\/parcopan.org\/un-pomeriggio-di-letteratura-e-musica-in-val-canali\/","name":"Un pomeriggio di letteratura e musica in Val Canali - Parco Naturale Paneveggio Pale di San Martino","isPartOf":{"@id":"https:\/\/parcopan.org\/#website"},"primaryImageOfPage":{"@id":"https:\/\/parcopan.org\/un-pomeriggio-di-letteratura-e-musica-in-val-canali\/#primaryimage"},"image":{"@id":"https:\/\/parcopan.org\/un-pomeriggio-di-letteratura-e-musica-in-val-canali\/#primaryimage"},"thumbnailUrl":"https:\/\/parcopan.org\/wp-content\/uploads\/2024\/07\/Sezione-Heidi-copertina-1-scaled.jpg","datePublished":"2024-05-30T10:23:00+00:00","dateModified":"2024-08-19T09:55:49+00:00","breadcrumb":{"@id":"https:\/\/parcopan.org\/un-pomeriggio-di-letteratura-e-musica-in-val-canali\/#breadcrumb"},"inLanguage":"en-US","potentialAction":[{"@type":"ReadAction","target":["https:\/\/parcopan.org\/un-pomeriggio-di-letteratura-e-musica-in-val-canali\/"]}]},{"@type":"ImageObject","inLanguage":"en-US","@id":"https:\/\/parcopan.org\/un-pomeriggio-di-letteratura-e-musica-in-val-canali\/#primaryimage","url":"https:\/\/parcopan.org\/wp-content\/uploads\/2024\/07\/Sezione-Heidi-copertina-1-scaled.jpg","contentUrl":"https:\/\/parcopan.org\/wp-content\/uploads\/2024\/07\/Sezione-Heidi-copertina-1-scaled.jpg","width":2560,"height":1182,"caption":"oppo_1024"},{"@type":"BreadcrumbList","@id":"https:\/\/parcopan.org\/un-pomeriggio-di-letteratura-e-musica-in-val-canali\/#breadcrumb","itemListElement":[{"@type":"ListItem","position":1,"name":"Home","item":"https:\/\/parcopan.org\/en\/home-2\/"},{"@type":"ListItem","position":2,"name":"Uncategorized","item":"https:\/\/parcopan.org\/category\/uncategorized\/"},{"@type":"ListItem","position":3,"name":"Un pomeriggio di letteratura e musica in Val Canali"}]},{"@type":"WebSite","@id":"https:\/\/parcopan.org\/#website","url":"https:\/\/parcopan.org\/","name":"Parco Naturale Paneveggio Pale di San Martino","description":"Un Mondo di acque, rocce, foreste e storia","publisher":{"@id":"https:\/\/parcopan.org\/#organization"},"potentialAction":[{"@type":"SearchAction","target":{"@type":"EntryPoint","urlTemplate":"https:\/\/parcopan.org\/?s={search_term_string}"},"query-input":{"@type":"PropertyValueSpecification","valueRequired":true,"valueName":"search_term_string"}}],"inLanguage":"en-US"},{"@type":"Organization","@id":"https:\/\/parcopan.org\/#organization","name":"Parco Naturale Paneveggio Pale di San Martino","url":"https:\/\/parcopan.org\/","logo":{"@type":"ImageObject","inLanguage":"en-US","@id":"https:\/\/parcopan.org\/#\/schema\/logo\/image\/","url":"https:\/\/parcopan.org\/wp-content\/uploads\/2019\/03\/parcopan_logo_quadrato.png","contentUrl":"https:\/\/parcopan.org\/wp-content\/uploads\/2019\/03\/parcopan_logo_quadrato.png","width":522,"height":522,"caption":"Parco Naturale Paneveggio Pale di San Martino"},"image":{"@id":"https:\/\/parcopan.org\/#\/schema\/logo\/image\/"},"sameAs":["https:\/\/www.facebook.com\/Parcopan\/","https:\/\/x.com\/ParcoPaneveggio"]},{"@type":"Person","@id":"https:\/\/parcopan.org\/#\/schema\/person\/09ea313c417f548831817948b8901990","name":"Walter Taufer","image":{"@type":"ImageObject","inLanguage":"en-US","@id":"https:\/\/parcopan.org\/#\/schema\/person\/image\/","url":"https:\/\/secure.gravatar.com\/avatar\/c9335b381753c8c8c1fef39279ccf17bdb91d89cba28d9732229a53d5c2bd03d?s=96&d=mm&r=g","contentUrl":"https:\/\/secure.gravatar.com\/avatar\/c9335b381753c8c8c1fef39279ccf17bdb91d89cba28d9732229a53d5c2bd03d?s=96&d=mm&r=g","caption":"Walter Taufer"},"url":"https:\/\/parcopan.org\/en\/author\/water-taufer\/"}]}},"_links":{"self":[{"href":"https:\/\/parcopan.org\/en\/wp-json\/wp\/v2\/posts\/39876","targetHints":{"allow":["GET"]}}],"collection":[{"href":"https:\/\/parcopan.org\/en\/wp-json\/wp\/v2\/posts"}],"about":[{"href":"https:\/\/parcopan.org\/en\/wp-json\/wp\/v2\/types\/post"}],"author":[{"embeddable":true,"href":"https:\/\/parcopan.org\/en\/wp-json\/wp\/v2\/users\/12"}],"replies":[{"embeddable":true,"href":"https:\/\/parcopan.org\/en\/wp-json\/wp\/v2\/comments?post=39876"}],"version-history":[{"count":8,"href":"https:\/\/parcopan.org\/en\/wp-json\/wp\/v2\/posts\/39876\/revisions"}],"predecessor-version":[{"id":39908,"href":"https:\/\/parcopan.org\/en\/wp-json\/wp\/v2\/posts\/39876\/revisions\/39908"}],"wp:featuredmedia":[{"embeddable":true,"href":"https:\/\/parcopan.org\/en\/wp-json\/wp\/v2\/media\/39919"}],"wp:attachment":[{"href":"https:\/\/parcopan.org\/en\/wp-json\/wp\/v2\/media?parent=39876"}],"wp:term":[{"taxonomy":"category","embeddable":true,"href":"https:\/\/parcopan.org\/en\/wp-json\/wp\/v2\/categories?post=39876"},{"taxonomy":"post_tag","embeddable":true,"href":"https:\/\/parcopan.org\/en\/wp-json\/wp\/v2\/tags?post=39876"}],"curies":[{"name":"wp","href":"https:\/\/api.w.org\/{rel}","templated":true}]}}