{"id":3646,"date":"2011-02-15T12:07:44","date_gmt":"2011-02-15T11:07:44","guid":{"rendered":"http:\/\/www.parcopan.org\/2011-anno-internazionale-delle-foreste\/"},"modified":"2019-03-28T12:29:28","modified_gmt":"2019-03-28T11:29:28","slug":"2011-anno-internazionale-delle-foreste","status":"publish","type":"post","link":"https:\/\/parcopan.org\/en\/2011-anno-internazionale-delle-foreste\/","title":{"rendered":"2011, Anno Internazionale delle Foreste"},"content":{"rendered":"<p>\n   <span>L&#8217;Assemblea generale dell&#8217;<strong>ONU<\/strong> ha dichiarato il <strong>2011 Anno Internazionale delle Foreste<\/strong>.<\/span>\n<\/p>\n<p>\n   \u00c8 iniziato ufficialmente lo scorso 24 gennaio con il Forum delle Nazioni Unite che si \u00e8 tenuto a New York.\n<\/p>\n<p>\n   <span>L&#8217;obiettivo \u00e8 quello di aumentare la consapevolezza della popolazione mondiale su come migliorare la <strong>salute di tutti i tipi di foreste<\/strong>, che coprono il 31% della superficie della Terra.<\/span>\n<\/p>\n<p>\n   <span>Le foreste sono infatti la <strong>linfa vitale<\/strong> per <strong>tutti<\/strong> gli esseri viventi, un po&#8217; come l&#8217;acqua, e partecipa allo sviluppo della <strong>biodiversit\u00e0<\/strong>: da esse ricavano nutrimento, protezione e ossigeno; inoltre sono fondamentali per l&#8217;abbattimento della CO2 e per la produzione di vapore acqueo che mantiene costante la distribuzione delle piogge e l&#8217;andamento del clima.<\/span>\n<\/p>\n<p>\n   L&#8217;aria che respiriamo, l&#8217;acqua, il cibo di cui abbiamo bisogno per sopravvivere, la variet\u00e0 della vita sulla Terra, il clima che modella il nostro presente e futuro dipendono direttamente dalle foreste.\n<\/p>\n<p>\n   <span>Inoltre esse rappresentano il <strong>pi\u00f9 grande deposito di carbonio al mondo<\/strong>, attualmente equivalente alla quantit\u00e0 presente nell&#8217;atmosfera. \u00c8 facile dunque intuire che salvarle \u00e8 il mezzo pi\u00f9 rapido ed economico per <strong>ridurre le emissioni globali<\/strong> e l&#8217;effetto serra.<\/span>\n<\/p>\n<p>\n   Le foreste sono uno dei simboli del Parco.\n<\/p>\n<p>\n   \u00c8 il caso di Paneveggio e la sua maestosa foresta demaniale, un vasto lembo di bosco che si estende per circa 2700 ettari a ventaglio sull&#8217;alto bacino del Travignolo, tra la catena del Lagorai, le Pale di San Martino e le Cime di Bocche, a una quota compresa tra i 1400 e 2150 m.\n<\/p>\n<p>\n   <span>Qui gli <strong>abeti rossi<\/strong> costituiscono quasi il 90 % degli alberi della foresta e tra di essi ne sopravvivono ancora di secolari, che possono raggiungere i 40 m di altezza.<\/span>\n<\/p>\n<p>\n   E poi le foreste demaniali di Valsorda e Valzanca, nel Vanoi con un&#8217;estensione di 1600 ettari.\n<\/p>\n<p>\n   <span>Dopo l&#8217;<strong>Anno Internazionale della Biodiversit\u00e0<\/strong>, le Nazioni Unite hanno deciso di continuare con queste politiche, proclamando l&#8217;intero periodo 2011-2020 &#8220;<strong>Decennio della Biodiversit\u00e0<\/strong>&#8220;.<\/span>\n<\/p>\n<p>\n   E come non ricordare allora che alla biodiversit\u00e0, in uno dei luoghi simbolo dell&#8217;area protetta, il Parco ha dedicato un progetto &#8220;Val Canali, una Valle biodiversa&#8221;.<\/p>\n","protected":false},"excerpt":{"rendered":"<p>2011, Anno Internazionale delle Foreste<br \/>\n2011 \u2013 2020, Decennio Internazionale della Biodiversit\u00e0<\/p>\n","protected":false},"author":0,"featured_media":3647,"comment_status":"closed","ping_status":"open","sticky":false,"template":"","format":"standard","meta":{"_acf_changed":false,"footnotes":""},"categories":[28],"tags":[29,121,122,34],"class_list":["post-3646","post","type-post","status-publish","format-standard","has-post-thumbnail","hentry","category-non-categorizzato","tag-28_03_2019__11_23_48","tag-foresta","tag-foreste","tag-paneveggio"],"acf":[],"yoast_head":"<!-- This site is optimized with the Yoast SEO plugin v25.5 - https:\/\/yoast.com\/wordpress\/plugins\/seo\/ -->\n<title>2011, Anno Internazionale delle Foreste - Parco Naturale Paneveggio Pale di San Martino<\/title>\n<meta name=\"robots\" content=\"index, follow, max-snippet:-1, max-image-preview:large, max-video-preview:-1\" \/>\n<link rel=\"canonical\" href=\"https:\/\/parcopan.org\/2011-anno-internazionale-delle-foreste\/\" \/>\n<meta property=\"og:locale\" content=\"en_US\" \/>\n<meta property=\"og:type\" content=\"article\" \/>\n<meta property=\"og:title\" content=\"2011, Anno Internazionale delle Foreste - Parco Naturale Paneveggio Pale di San Martino\" \/>\n<meta property=\"og:description\" content=\"2011, Anno Internazionale delle Foreste   2011 \u2013 2020, Decennio Internazionale della Biodiversit\u00e0\" \/>\n<meta property=\"og:url\" content=\"https:\/\/parcopan.org\/2011-anno-internazionale-delle-foreste\/\" \/>\n<meta property=\"og:site_name\" content=\"Parco Naturale Paneveggio Pale di San Martino\" \/>\n<meta property=\"article:publisher\" content=\"https:\/\/www.facebook.com\/Parcopan\/\" \/>\n<meta property=\"article:published_time\" content=\"2011-02-15T11:07:44+00:00\" \/>\n<meta property=\"article:modified_time\" content=\"2019-03-28T11:29:28+00:00\" \/>\n<meta property=\"og:image\" content=\"https:\/\/parcopan.org\/wp-content\/uploads\/2019\/03\/oxalis-acetosella.jpg\" \/>\n\t<meta property=\"og:image:width\" content=\"800\" \/>\n\t<meta property=\"og:image:height\" content=\"600\" \/>\n\t<meta property=\"og:image:type\" content=\"image\/jpeg\" \/>\n<meta name=\"twitter:card\" content=\"summary_large_image\" \/>\n<meta name=\"twitter:creator\" content=\"@ParcoPaneveggio\" \/>\n<meta name=\"twitter:site\" content=\"@ParcoPaneveggio\" \/>\n<meta name=\"twitter:label1\" content=\"Est. reading time\" \/>\n\t<meta name=\"twitter:data1\" content=\"2 minutes\" \/>\n<script type=\"application\/ld+json\" class=\"yoast-schema-graph\">{\"@context\":\"https:\/\/schema.org\",\"@graph\":[{\"@type\":\"Article\",\"@id\":\"https:\/\/parcopan.org\/2011-anno-internazionale-delle-foreste\/#article\",\"isPartOf\":{\"@id\":\"https:\/\/parcopan.org\/2011-anno-internazionale-delle-foreste\/\"},\"author\":{\"name\":\"\",\"@id\":\"\"},\"headline\":\"2011, Anno Internazionale delle Foreste\",\"datePublished\":\"2011-02-15T11:07:44+00:00\",\"dateModified\":\"2019-03-28T11:29:28+00:00\",\"mainEntityOfPage\":{\"@id\":\"https:\/\/parcopan.org\/2011-anno-internazionale-delle-foreste\/\"},\"wordCount\":342,\"publisher\":{\"@id\":\"https:\/\/parcopan.org\/#organization\"},\"image\":{\"@id\":\"https:\/\/parcopan.org\/2011-anno-internazionale-delle-foreste\/#primaryimage\"},\"thumbnailUrl\":\"https:\/\/parcopan.org\/wp-content\/uploads\/2019\/03\/oxalis-acetosella.jpg\",\"keywords\":[\"28_03_2019__11_23_48\",\"foresta\",\"foreste\",\"paneveggio\"],\"articleSection\":[\"Non categorizzato\"],\"inLanguage\":\"en-US\"},{\"@type\":\"WebPage\",\"@id\":\"https:\/\/parcopan.org\/2011-anno-internazionale-delle-foreste\/\",\"url\":\"https:\/\/parcopan.org\/2011-anno-internazionale-delle-foreste\/\",\"name\":\"2011, Anno Internazionale delle Foreste - Parco Naturale Paneveggio Pale di San Martino\",\"isPartOf\":{\"@id\":\"https:\/\/parcopan.org\/#website\"},\"primaryImageOfPage\":{\"@id\":\"https:\/\/parcopan.org\/2011-anno-internazionale-delle-foreste\/#primaryimage\"},\"image\":{\"@id\":\"https:\/\/parcopan.org\/2011-anno-internazionale-delle-foreste\/#primaryimage\"},\"thumbnailUrl\":\"https:\/\/parcopan.org\/wp-content\/uploads\/2019\/03\/oxalis-acetosella.jpg\",\"datePublished\":\"2011-02-15T11:07:44+00:00\",\"dateModified\":\"2019-03-28T11:29:28+00:00\",\"breadcrumb\":{\"@id\":\"https:\/\/parcopan.org\/2011-anno-internazionale-delle-foreste\/#breadcrumb\"},\"inLanguage\":\"en-US\",\"potentialAction\":[{\"@type\":\"ReadAction\",\"target\":[\"https:\/\/parcopan.org\/2011-anno-internazionale-delle-foreste\/\"]}]},{\"@type\":\"ImageObject\",\"inLanguage\":\"en-US\",\"@id\":\"https:\/\/parcopan.org\/2011-anno-internazionale-delle-foreste\/#primaryimage\",\"url\":\"https:\/\/parcopan.org\/wp-content\/uploads\/2019\/03\/oxalis-acetosella.jpg\",\"contentUrl\":\"https:\/\/parcopan.org\/wp-content\/uploads\/2019\/03\/oxalis-acetosella.jpg\",\"width\":800,\"height\":600,\"caption\":\"Acetosella - Oxalis acetosella\"},{\"@type\":\"BreadcrumbList\",\"@id\":\"https:\/\/parcopan.org\/2011-anno-internazionale-delle-foreste\/#breadcrumb\",\"itemListElement\":[{\"@type\":\"ListItem\",\"position\":1,\"name\":\"Home\",\"item\":\"https:\/\/parcopan.org\/en\/home-2\/\"},{\"@type\":\"ListItem\",\"position\":2,\"name\":\"Non categorizzato\",\"item\":\"https:\/\/parcopan.org\/category\/non-categorizzato\/\"},{\"@type\":\"ListItem\",\"position\":3,\"name\":\"2011, Anno Internazionale delle Foreste\"}]},{\"@type\":\"WebSite\",\"@id\":\"https:\/\/parcopan.org\/#website\",\"url\":\"https:\/\/parcopan.org\/\",\"name\":\"Parco Naturale Paneveggio Pale di San Martino\",\"description\":\"Un Mondo di acque, rocce, foreste e storia\",\"publisher\":{\"@id\":\"https:\/\/parcopan.org\/#organization\"},\"potentialAction\":[{\"@type\":\"SearchAction\",\"target\":{\"@type\":\"EntryPoint\",\"urlTemplate\":\"https:\/\/parcopan.org\/?s={search_term_string}\"},\"query-input\":{\"@type\":\"PropertyValueSpecification\",\"valueRequired\":true,\"valueName\":\"search_term_string\"}}],\"inLanguage\":\"en-US\"},{\"@type\":\"Organization\",\"@id\":\"https:\/\/parcopan.org\/#organization\",\"name\":\"Parco Naturale Paneveggio Pale di San Martino\",\"url\":\"https:\/\/parcopan.org\/\",\"logo\":{\"@type\":\"ImageObject\",\"inLanguage\":\"en-US\",\"@id\":\"https:\/\/parcopan.org\/#\/schema\/logo\/image\/\",\"url\":\"https:\/\/parcopan.org\/wp-content\/uploads\/2019\/03\/parcopan_logo_quadrato.png\",\"contentUrl\":\"https:\/\/parcopan.org\/wp-content\/uploads\/2019\/03\/parcopan_logo_quadrato.png\",\"width\":522,\"height\":522,\"caption\":\"Parco Naturale Paneveggio Pale di San Martino\"},\"image\":{\"@id\":\"https:\/\/parcopan.org\/#\/schema\/logo\/image\/\"},\"sameAs\":[\"https:\/\/www.facebook.com\/Parcopan\/\",\"https:\/\/x.com\/ParcoPaneveggio\"]}]}<\/script>\n<!-- \/ Yoast SEO plugin. -->","yoast_head_json":{"title":"2011, Anno Internazionale delle Foreste - Parco Naturale Paneveggio Pale di San Martino","robots":{"index":"index","follow":"follow","max-snippet":"max-snippet:-1","max-image-preview":"max-image-preview:large","max-video-preview":"max-video-preview:-1"},"canonical":"https:\/\/parcopan.org\/2011-anno-internazionale-delle-foreste\/","og_locale":"en_US","og_type":"article","og_title":"2011, Anno Internazionale delle Foreste - Parco Naturale Paneveggio Pale di San Martino","og_description":"2011, Anno Internazionale delle Foreste   2011 \u2013 2020, Decennio Internazionale della Biodiversit\u00e0","og_url":"https:\/\/parcopan.org\/2011-anno-internazionale-delle-foreste\/","og_site_name":"Parco Naturale Paneveggio Pale di San Martino","article_publisher":"https:\/\/www.facebook.com\/Parcopan\/","article_published_time":"2011-02-15T11:07:44+00:00","article_modified_time":"2019-03-28T11:29:28+00:00","og_image":[{"width":800,"height":600,"url":"https:\/\/parcopan.org\/wp-content\/uploads\/2019\/03\/oxalis-acetosella.jpg","type":"image\/jpeg"}],"twitter_card":"summary_large_image","twitter_creator":"@ParcoPaneveggio","twitter_site":"@ParcoPaneveggio","twitter_misc":{"Est. reading time":"2 minutes"},"schema":{"@context":"https:\/\/schema.org","@graph":[{"@type":"Article","@id":"https:\/\/parcopan.org\/2011-anno-internazionale-delle-foreste\/#article","isPartOf":{"@id":"https:\/\/parcopan.org\/2011-anno-internazionale-delle-foreste\/"},"author":{"name":"","@id":""},"headline":"2011, Anno Internazionale delle Foreste","datePublished":"2011-02-15T11:07:44+00:00","dateModified":"2019-03-28T11:29:28+00:00","mainEntityOfPage":{"@id":"https:\/\/parcopan.org\/2011-anno-internazionale-delle-foreste\/"},"wordCount":342,"publisher":{"@id":"https:\/\/parcopan.org\/#organization"},"image":{"@id":"https:\/\/parcopan.org\/2011-anno-internazionale-delle-foreste\/#primaryimage"},"thumbnailUrl":"https:\/\/parcopan.org\/wp-content\/uploads\/2019\/03\/oxalis-acetosella.jpg","keywords":["28_03_2019__11_23_48","foresta","foreste","paneveggio"],"articleSection":["Non categorizzato"],"inLanguage":"en-US"},{"@type":"WebPage","@id":"https:\/\/parcopan.org\/2011-anno-internazionale-delle-foreste\/","url":"https:\/\/parcopan.org\/2011-anno-internazionale-delle-foreste\/","name":"2011, Anno Internazionale delle Foreste - Parco Naturale Paneveggio Pale di San Martino","isPartOf":{"@id":"https:\/\/parcopan.org\/#website"},"primaryImageOfPage":{"@id":"https:\/\/parcopan.org\/2011-anno-internazionale-delle-foreste\/#primaryimage"},"image":{"@id":"https:\/\/parcopan.org\/2011-anno-internazionale-delle-foreste\/#primaryimage"},"thumbnailUrl":"https:\/\/parcopan.org\/wp-content\/uploads\/2019\/03\/oxalis-acetosella.jpg","datePublished":"2011-02-15T11:07:44+00:00","dateModified":"2019-03-28T11:29:28+00:00","breadcrumb":{"@id":"https:\/\/parcopan.org\/2011-anno-internazionale-delle-foreste\/#breadcrumb"},"inLanguage":"en-US","potentialAction":[{"@type":"ReadAction","target":["https:\/\/parcopan.org\/2011-anno-internazionale-delle-foreste\/"]}]},{"@type":"ImageObject","inLanguage":"en-US","@id":"https:\/\/parcopan.org\/2011-anno-internazionale-delle-foreste\/#primaryimage","url":"https:\/\/parcopan.org\/wp-content\/uploads\/2019\/03\/oxalis-acetosella.jpg","contentUrl":"https:\/\/parcopan.org\/wp-content\/uploads\/2019\/03\/oxalis-acetosella.jpg","width":800,"height":600,"caption":"Acetosella - Oxalis acetosella"},{"@type":"BreadcrumbList","@id":"https:\/\/parcopan.org\/2011-anno-internazionale-delle-foreste\/#breadcrumb","itemListElement":[{"@type":"ListItem","position":1,"name":"Home","item":"https:\/\/parcopan.org\/en\/home-2\/"},{"@type":"ListItem","position":2,"name":"Non categorizzato","item":"https:\/\/parcopan.org\/category\/non-categorizzato\/"},{"@type":"ListItem","position":3,"name":"2011, Anno Internazionale delle Foreste"}]},{"@type":"WebSite","@id":"https:\/\/parcopan.org\/#website","url":"https:\/\/parcopan.org\/","name":"Parco Naturale Paneveggio Pale di San Martino","description":"Un Mondo di acque, rocce, foreste e storia","publisher":{"@id":"https:\/\/parcopan.org\/#organization"},"potentialAction":[{"@type":"SearchAction","target":{"@type":"EntryPoint","urlTemplate":"https:\/\/parcopan.org\/?s={search_term_string}"},"query-input":{"@type":"PropertyValueSpecification","valueRequired":true,"valueName":"search_term_string"}}],"inLanguage":"en-US"},{"@type":"Organization","@id":"https:\/\/parcopan.org\/#organization","name":"Parco Naturale Paneveggio Pale di San Martino","url":"https:\/\/parcopan.org\/","logo":{"@type":"ImageObject","inLanguage":"en-US","@id":"https:\/\/parcopan.org\/#\/schema\/logo\/image\/","url":"https:\/\/parcopan.org\/wp-content\/uploads\/2019\/03\/parcopan_logo_quadrato.png","contentUrl":"https:\/\/parcopan.org\/wp-content\/uploads\/2019\/03\/parcopan_logo_quadrato.png","width":522,"height":522,"caption":"Parco Naturale Paneveggio Pale di San Martino"},"image":{"@id":"https:\/\/parcopan.org\/#\/schema\/logo\/image\/"},"sameAs":["https:\/\/www.facebook.com\/Parcopan\/","https:\/\/x.com\/ParcoPaneveggio"]}]}},"_links":{"self":[{"href":"https:\/\/parcopan.org\/en\/wp-json\/wp\/v2\/posts\/3646","targetHints":{"allow":["GET"]}}],"collection":[{"href":"https:\/\/parcopan.org\/en\/wp-json\/wp\/v2\/posts"}],"about":[{"href":"https:\/\/parcopan.org\/en\/wp-json\/wp\/v2\/types\/post"}],"replies":[{"embeddable":true,"href":"https:\/\/parcopan.org\/en\/wp-json\/wp\/v2\/comments?post=3646"}],"version-history":[{"count":1,"href":"https:\/\/parcopan.org\/en\/wp-json\/wp\/v2\/posts\/3646\/revisions"}],"predecessor-version":[{"id":3659,"href":"https:\/\/parcopan.org\/en\/wp-json\/wp\/v2\/posts\/3646\/revisions\/3659"}],"wp:featuredmedia":[{"embeddable":true,"href":"https:\/\/parcopan.org\/en\/wp-json\/wp\/v2\/media\/3647"}],"wp:attachment":[{"href":"https:\/\/parcopan.org\/en\/wp-json\/wp\/v2\/media?parent=3646"}],"wp:term":[{"taxonomy":"category","embeddable":true,"href":"https:\/\/parcopan.org\/en\/wp-json\/wp\/v2\/categories?post=3646"},{"taxonomy":"post_tag","embeddable":true,"href":"https:\/\/parcopan.org\/en\/wp-json\/wp\/v2\/tags?post=3646"}],"curies":[{"name":"wp","href":"https:\/\/api.w.org\/{rel}","templated":true}]}}