{"id":3614,"date":"2011-01-28T11:43:23","date_gmt":"2011-01-28T10:43:23","guid":{"rendered":"http:\/\/www.parcopan.org\/il-cervo-nel-parco-la-ricerca-scientifica-e-la-gestione\/"},"modified":"2019-03-28T12:29:08","modified_gmt":"2019-03-28T11:29:08","slug":"il-cervo-nel-parco-la-ricerca-scientifica-e-la-gestione","status":"publish","type":"post","link":"https:\/\/parcopan.org\/en\/il-cervo-nel-parco-la-ricerca-scientifica-e-la-gestione\/","title":{"rendered":"Il cervo nel Parco. La ricerca scientifica e la gestione"},"content":{"rendered":"<p>\n   Si \u00e8 parlato dei risultati della ricerca scientifica sul cervo e sulle prospettive gestionali nelle Dolomiti orientali nella giornata di studio svoltasi lo scorso 12 febbraio a Primiero. Promotori il Parco naturale Paneveggio Pale di San Martino, l&#8217;Associazione Cacciatori Trentini, il Servizio Foreste e Fauna della Provincia autonoma di Trento e l&#8217;Universit\u00e0 di Siena.\n<\/p>\n<p>\n   &#8220;La giornata di studio &#8211; ha detto il Presidente dell&#8217;Ente Parco, <strong>Giacobbe Zortea<\/strong> &#8211; \u00e8 l&#8217;occasione per parlare dell&#8217;ambito della ricerca scientifica, che \u00e8 uno dei settori che sostanziano l&#8217;azione del nostro Parco. In questa direzione &#8211; ha sottolineato &#8211; intendiamo proseguire, consapevoli che la ricerca scientifica permetta di approfondire le conoscenze dei contesti naturali, premessa fondamentale per l&#8217;adozione di strategie e di politiche ambientali che guardino ad uno sviluppo del territorio in termini di sostenibilit\u00e0&#8221;.\n<\/p>\n<p>\n   Hanno portato un saluto anche il Responsabile dell&#8217;Ufficio Faunistico della P.A.T., <strong>Ruggero Giovannini<\/strong> e il Presidente della Consulta di Primiero <strong>Livio Fabio Grisotto<\/strong>, che hanno sottolineato l&#8217;importanza della collaborazione fra istituzioni pubbliche e associazioni in tema di gestione faunistica.\n<\/p>\n<h2>\n   La ricerca<br \/>\n<\/h2>\n<p>\n   La ricerca sul comportamento spaziale, i movimenti stagionali e la dispersione del cervo nel Parco si pu\u00f2 dire unica nel suo genere per l&#8217;arco temporale, \u00e8 iniziata nel 2001 e si \u00e8 conclusa definitivamente nel 2009, e per la mole dei dati raccolti.\n<\/p>\n<p>\n   Nell&#8217;illustrare i risultati della ricerca si \u00e8 posta l&#8217;attenzione sugli aspetti gestionali che riguardano il miglioramento complessivo dello status di questo cervide.\n<\/p>\n<p>\n   <strong>Anna Bocci<\/strong> dell&#8217;Universit\u00e0 di Siena si \u00e8 soffermata sulla ricerca e a proposito del comportamento spaziale del cervo nell&#8217;area protetta, ha ricordato la elevata mobilit\u00e0, con casi di dispersione giovanile che hanno raggiunto distanze dal sito di cattura superiori ai 60 chilometri e percorsi migratori di oltre 30 chilometri.\n<\/p>\n<p>\n   <img decoding=\"async\" rel=\"related_object\" src=\"\/admo\/related\/get_image\/aWQ9MTkyJnRpdGxlPVByZXNlbnRhemlvbmUrZGkrQW5uYStCb2NjaSZmaWxlPXBhZ2VzJTJGcHJlc2VudGF6aW9uZS1kaS1hbm5hLWJvY2NpLnBkZiZkaXI9cGFnZXMmZXh0ZW5zaW9uPXBkZiZleHRlbnNpb25faW1hZ2U9JTJGaW1nJTJGZmlsZXMlMkZmaWxlX3BkZi5wbmcmZXh0ZW5zaW9uX3NtYWxsX2ltYWdlPSUyRmltZyUyRmZpbGVzJTJGc21hbGxfZmlsZV9wZGYucG5nJnNpemU9c21hbGwmc2l6ZV9odW1hbj0xOC43K01CJmRhdGU9MTI5Nzc4MTM0NyZkYXRlX2h1bWFuPW1hcnRlZCVDMyVBQysxNStmZWJicmFpbysyMDExJm5hbWU9UHJlc2VudGF6aW9uZStkaStBbm5hK0JvY2NpJnR5cGU9bm9ybWFsJmFsaWduPWxlZnQma2luZD1maWxlcyZsYW5nPTE=\" \/>\n<\/p>\n<p>\n   <strong>Andrea Monaco<\/strong>, della stessa Universit\u00e0, ha posto attenzione al tema del rapporto tra scienza e tradizione nella gestione del cervo nel Parco e nelle Dolomiti orientali.\n<\/p>\n<p>\n   \u00c8 stato ricordato di come la bassa presenza nell&#8217;area di esemplari maschi, di rango elevato con et\u00e0 avanzata si debba mettere in relazione alla tradizione venatoria. Da qui la necessit\u00e0 della messa in campo di idonee strategie che permettano di mettere in relazione i dati della scienza e della ricerca con la tradizione e l&#8217;esperienza venatoria.\n<\/p>\n<p>\n   <img decoding=\"async\" rel=\"related_object\" src=\"\/admo\/related\/get_image\/aWQ9MTkwJnRpdGxlPVByZXNlbnRhemlvbmUrZGkrQW5kcmVhK01vbmFjbyZmaWxlPXBhZ2VzJTJGcHJlc2VudGF6aW9uZS1hbmRyZWEtbW9uYWNvLnBkZiZkaXI9cGFnZXMmZXh0ZW5zaW9uPXBkZiZleHRlbnNpb25faW1hZ2U9JTJGaW1nJTJGZmlsZXMlMkZmaWxlX3BkZi5wbmcmZXh0ZW5zaW9uX3NtYWxsX2ltYWdlPSUyRmltZyUyRmZpbGVzJTJGc21hbGxfZmlsZV9wZGYucG5nJnNpemU9c21hbGwmc2l6ZV9odW1hbj03LjIrTUImZGF0ZT0xMjk3Nzc4MzU1JmRhdGVfaHVtYW49bWFydGVkJUMzJUFDKzE1K2ZlYmJyYWlvKzIwMTEmbmFtZT1QcmVzZW50YXppb25lK2RpK0FuZHJlYStNb25hY28mdHlwZT1ub3JtYWwmYWxpZ249bGVmdCZraW5kPWZpbGVzJmxhbmc9MQ==\" \/>\n<\/p>\n<p>\n   La tavola rotonda condotta da <strong>Alessandro Brugnoli<\/strong>, dell&#8217;Associazione Cacciatori Trentini, \u00e8 stata particolarmente partecipata e ha messo in evidenza le possibili implicazioni gestionali derivanti dalla ricerca.\n<\/p>\n<p class='parcopan-content-file'><a href='http:\/\/www.parcopan.org\/wp-content\/uploads\/2019\/03\/presentazione-di-anna-bocci.pdf'>Presentazione di Anna Bocci<\/a><\/p>\n<p class='parcopan-content-file'><a href='http:\/\/www.parcopan.org\/wp-content\/uploads\/2019\/03\/presentazione-andrea-monaco.pdf'>Presentazione di Andrea Monaco<\/a><\/p>\n<p class='parcopan-content-file'><a href='http:\/\/www.parcopan.org\/wp-content\/uploads\/2019\/03\/cartolina-invito.pdf'>Cartolina invito<\/a><\/p>\n","protected":false},"excerpt":{"rendered":"<p>Si \u00e8 parlato dei risultati della ricerca scientifica sul cervo e sulle prospettive gestionali nelle Dolomiti orientali nella giornata di studio svoltasi lo scorso 12 febbraio a Primiero. <\/p>\n","protected":false},"author":0,"featured_media":3615,"comment_status":"closed","ping_status":"open","sticky":false,"template":"","format":"standard","meta":{"_acf_changed":false,"footnotes":""},"categories":[28],"tags":[29,30,31,114,53],"class_list":["post-3614","post","type-post","status-publish","format-standard","has-post-thumbnail","hentry","category-non-categorizzato","tag-28_03_2019__11_23_48","tag-cervo","tag-fauna","tag-gestione-faunistica","tag-ricerca"],"acf":[],"yoast_head":"<!-- This site is optimized with the Yoast SEO plugin v25.5 - https:\/\/yoast.com\/wordpress\/plugins\/seo\/ -->\n<title>Il cervo nel Parco. La ricerca scientifica e la gestione - Parco Naturale Paneveggio Pale di San Martino<\/title>\n<meta name=\"robots\" content=\"index, follow, max-snippet:-1, max-image-preview:large, max-video-preview:-1\" \/>\n<link rel=\"canonical\" href=\"https:\/\/parcopan.org\/il-cervo-nel-parco-la-ricerca-scientifica-e-la-gestione\/\" \/>\n<meta property=\"og:locale\" content=\"en_US\" \/>\n<meta property=\"og:type\" content=\"article\" \/>\n<meta property=\"og:title\" content=\"Il cervo nel Parco. La ricerca scientifica e la gestione - Parco Naturale Paneveggio Pale di San Martino\" \/>\n<meta property=\"og:description\" content=\"Si \u00e8 parlato dei risultati della ricerca scientifica sul cervo e sulle prospettive gestionali nelle Dolomiti orientali nella giornata di studio svoltasi lo scorso 12 febbraio a Primiero.\" \/>\n<meta property=\"og:url\" content=\"https:\/\/parcopan.org\/il-cervo-nel-parco-la-ricerca-scientifica-e-la-gestione\/\" \/>\n<meta property=\"og:site_name\" content=\"Parco Naturale Paneveggio Pale di San Martino\" \/>\n<meta property=\"article:publisher\" content=\"https:\/\/www.facebook.com\/Parcopan\/\" \/>\n<meta property=\"article:published_time\" content=\"2011-01-28T10:43:23+00:00\" \/>\n<meta property=\"article:modified_time\" content=\"2019-03-28T11:29:08+00:00\" \/>\n<meta property=\"og:image\" content=\"https:\/\/parcopan.org\/wp-content\/uploads\/2019\/03\/il-presidente-zortea-da-il-via-ai-lavori.jpg\" \/>\n\t<meta property=\"og:image:width\" content=\"800\" \/>\n\t<meta property=\"og:image:height\" content=\"535\" \/>\n\t<meta property=\"og:image:type\" content=\"image\/jpeg\" \/>\n<meta name=\"twitter:card\" content=\"summary_large_image\" \/>\n<meta name=\"twitter:creator\" content=\"@ParcoPaneveggio\" \/>\n<meta name=\"twitter:site\" content=\"@ParcoPaneveggio\" \/>\n<meta name=\"twitter:label1\" content=\"Est. reading time\" \/>\n\t<meta name=\"twitter:data1\" content=\"2 minutes\" \/>\n<script type=\"application\/ld+json\" class=\"yoast-schema-graph\">{\"@context\":\"https:\/\/schema.org\",\"@graph\":[{\"@type\":\"Article\",\"@id\":\"https:\/\/parcopan.org\/il-cervo-nel-parco-la-ricerca-scientifica-e-la-gestione\/#article\",\"isPartOf\":{\"@id\":\"https:\/\/parcopan.org\/il-cervo-nel-parco-la-ricerca-scientifica-e-la-gestione\/\"},\"author\":{\"name\":\"\",\"@id\":\"\"},\"headline\":\"Il cervo nel Parco. La ricerca scientifica e la gestione\",\"datePublished\":\"2011-01-28T10:43:23+00:00\",\"dateModified\":\"2019-03-28T11:29:08+00:00\",\"mainEntityOfPage\":{\"@id\":\"https:\/\/parcopan.org\/il-cervo-nel-parco-la-ricerca-scientifica-e-la-gestione\/\"},\"wordCount\":418,\"publisher\":{\"@id\":\"https:\/\/parcopan.org\/#organization\"},\"image\":{\"@id\":\"https:\/\/parcopan.org\/il-cervo-nel-parco-la-ricerca-scientifica-e-la-gestione\/#primaryimage\"},\"thumbnailUrl\":\"https:\/\/parcopan.org\/wp-content\/uploads\/2019\/03\/il-presidente-zortea-da-il-via-ai-lavori.jpg\",\"keywords\":[\"28_03_2019__11_23_48\",\"cervo\",\"fauna\",\"gestione faunistica\",\"ricerca\"],\"articleSection\":[\"Non categorizzato\"],\"inLanguage\":\"en-US\"},{\"@type\":\"WebPage\",\"@id\":\"https:\/\/parcopan.org\/il-cervo-nel-parco-la-ricerca-scientifica-e-la-gestione\/\",\"url\":\"https:\/\/parcopan.org\/il-cervo-nel-parco-la-ricerca-scientifica-e-la-gestione\/\",\"name\":\"Il cervo nel Parco. La ricerca scientifica e la gestione - Parco Naturale Paneveggio Pale di San Martino\",\"isPartOf\":{\"@id\":\"https:\/\/parcopan.org\/#website\"},\"primaryImageOfPage\":{\"@id\":\"https:\/\/parcopan.org\/il-cervo-nel-parco-la-ricerca-scientifica-e-la-gestione\/#primaryimage\"},\"image\":{\"@id\":\"https:\/\/parcopan.org\/il-cervo-nel-parco-la-ricerca-scientifica-e-la-gestione\/#primaryimage\"},\"thumbnailUrl\":\"https:\/\/parcopan.org\/wp-content\/uploads\/2019\/03\/il-presidente-zortea-da-il-via-ai-lavori.jpg\",\"datePublished\":\"2011-01-28T10:43:23+00:00\",\"dateModified\":\"2019-03-28T11:29:08+00:00\",\"breadcrumb\":{\"@id\":\"https:\/\/parcopan.org\/il-cervo-nel-parco-la-ricerca-scientifica-e-la-gestione\/#breadcrumb\"},\"inLanguage\":\"en-US\",\"potentialAction\":[{\"@type\":\"ReadAction\",\"target\":[\"https:\/\/parcopan.org\/il-cervo-nel-parco-la-ricerca-scientifica-e-la-gestione\/\"]}]},{\"@type\":\"ImageObject\",\"inLanguage\":\"en-US\",\"@id\":\"https:\/\/parcopan.org\/il-cervo-nel-parco-la-ricerca-scientifica-e-la-gestione\/#primaryimage\",\"url\":\"https:\/\/parcopan.org\/wp-content\/uploads\/2019\/03\/il-presidente-zortea-da-il-via-ai-lavori.jpg\",\"contentUrl\":\"https:\/\/parcopan.org\/wp-content\/uploads\/2019\/03\/il-presidente-zortea-da-il-via-ai-lavori.jpg\",\"width\":800,\"height\":535,\"caption\":\"Il Presidente Zortea da il via ai lavori\"},{\"@type\":\"BreadcrumbList\",\"@id\":\"https:\/\/parcopan.org\/il-cervo-nel-parco-la-ricerca-scientifica-e-la-gestione\/#breadcrumb\",\"itemListElement\":[{\"@type\":\"ListItem\",\"position\":1,\"name\":\"Home\",\"item\":\"https:\/\/parcopan.org\/en\/home-2\/\"},{\"@type\":\"ListItem\",\"position\":2,\"name\":\"Non categorizzato\",\"item\":\"https:\/\/parcopan.org\/category\/non-categorizzato\/\"},{\"@type\":\"ListItem\",\"position\":3,\"name\":\"Il cervo nel Parco. La ricerca scientifica e la gestione\"}]},{\"@type\":\"WebSite\",\"@id\":\"https:\/\/parcopan.org\/#website\",\"url\":\"https:\/\/parcopan.org\/\",\"name\":\"Parco Naturale Paneveggio Pale di San Martino\",\"description\":\"Un Mondo di acque, rocce, foreste e storia\",\"publisher\":{\"@id\":\"https:\/\/parcopan.org\/#organization\"},\"potentialAction\":[{\"@type\":\"SearchAction\",\"target\":{\"@type\":\"EntryPoint\",\"urlTemplate\":\"https:\/\/parcopan.org\/?s={search_term_string}\"},\"query-input\":{\"@type\":\"PropertyValueSpecification\",\"valueRequired\":true,\"valueName\":\"search_term_string\"}}],\"inLanguage\":\"en-US\"},{\"@type\":\"Organization\",\"@id\":\"https:\/\/parcopan.org\/#organization\",\"name\":\"Parco Naturale Paneveggio Pale di San Martino\",\"url\":\"https:\/\/parcopan.org\/\",\"logo\":{\"@type\":\"ImageObject\",\"inLanguage\":\"en-US\",\"@id\":\"https:\/\/parcopan.org\/#\/schema\/logo\/image\/\",\"url\":\"https:\/\/parcopan.org\/wp-content\/uploads\/2019\/03\/parcopan_logo_quadrato.png\",\"contentUrl\":\"https:\/\/parcopan.org\/wp-content\/uploads\/2019\/03\/parcopan_logo_quadrato.png\",\"width\":522,\"height\":522,\"caption\":\"Parco Naturale Paneveggio Pale di San Martino\"},\"image\":{\"@id\":\"https:\/\/parcopan.org\/#\/schema\/logo\/image\/\"},\"sameAs\":[\"https:\/\/www.facebook.com\/Parcopan\/\",\"https:\/\/x.com\/ParcoPaneveggio\"]}]}<\/script>\n<!-- \/ Yoast SEO plugin. -->","yoast_head_json":{"title":"Il cervo nel Parco. La ricerca scientifica e la gestione - Parco Naturale Paneveggio Pale di San Martino","robots":{"index":"index","follow":"follow","max-snippet":"max-snippet:-1","max-image-preview":"max-image-preview:large","max-video-preview":"max-video-preview:-1"},"canonical":"https:\/\/parcopan.org\/il-cervo-nel-parco-la-ricerca-scientifica-e-la-gestione\/","og_locale":"en_US","og_type":"article","og_title":"Il cervo nel Parco. La ricerca scientifica e la gestione - Parco Naturale Paneveggio Pale di San Martino","og_description":"Si \u00e8 parlato dei risultati della ricerca scientifica sul cervo e sulle prospettive gestionali nelle Dolomiti orientali nella giornata di studio svoltasi lo scorso 12 febbraio a Primiero.","og_url":"https:\/\/parcopan.org\/il-cervo-nel-parco-la-ricerca-scientifica-e-la-gestione\/","og_site_name":"Parco Naturale Paneveggio Pale di San Martino","article_publisher":"https:\/\/www.facebook.com\/Parcopan\/","article_published_time":"2011-01-28T10:43:23+00:00","article_modified_time":"2019-03-28T11:29:08+00:00","og_image":[{"width":800,"height":535,"url":"https:\/\/parcopan.org\/wp-content\/uploads\/2019\/03\/il-presidente-zortea-da-il-via-ai-lavori.jpg","type":"image\/jpeg"}],"twitter_card":"summary_large_image","twitter_creator":"@ParcoPaneveggio","twitter_site":"@ParcoPaneveggio","twitter_misc":{"Est. reading time":"2 minutes"},"schema":{"@context":"https:\/\/schema.org","@graph":[{"@type":"Article","@id":"https:\/\/parcopan.org\/il-cervo-nel-parco-la-ricerca-scientifica-e-la-gestione\/#article","isPartOf":{"@id":"https:\/\/parcopan.org\/il-cervo-nel-parco-la-ricerca-scientifica-e-la-gestione\/"},"author":{"name":"","@id":""},"headline":"Il cervo nel Parco. La ricerca scientifica e la gestione","datePublished":"2011-01-28T10:43:23+00:00","dateModified":"2019-03-28T11:29:08+00:00","mainEntityOfPage":{"@id":"https:\/\/parcopan.org\/il-cervo-nel-parco-la-ricerca-scientifica-e-la-gestione\/"},"wordCount":418,"publisher":{"@id":"https:\/\/parcopan.org\/#organization"},"image":{"@id":"https:\/\/parcopan.org\/il-cervo-nel-parco-la-ricerca-scientifica-e-la-gestione\/#primaryimage"},"thumbnailUrl":"https:\/\/parcopan.org\/wp-content\/uploads\/2019\/03\/il-presidente-zortea-da-il-via-ai-lavori.jpg","keywords":["28_03_2019__11_23_48","cervo","fauna","gestione faunistica","ricerca"],"articleSection":["Non categorizzato"],"inLanguage":"en-US"},{"@type":"WebPage","@id":"https:\/\/parcopan.org\/il-cervo-nel-parco-la-ricerca-scientifica-e-la-gestione\/","url":"https:\/\/parcopan.org\/il-cervo-nel-parco-la-ricerca-scientifica-e-la-gestione\/","name":"Il cervo nel Parco. La ricerca scientifica e la gestione - Parco Naturale Paneveggio Pale di San Martino","isPartOf":{"@id":"https:\/\/parcopan.org\/#website"},"primaryImageOfPage":{"@id":"https:\/\/parcopan.org\/il-cervo-nel-parco-la-ricerca-scientifica-e-la-gestione\/#primaryimage"},"image":{"@id":"https:\/\/parcopan.org\/il-cervo-nel-parco-la-ricerca-scientifica-e-la-gestione\/#primaryimage"},"thumbnailUrl":"https:\/\/parcopan.org\/wp-content\/uploads\/2019\/03\/il-presidente-zortea-da-il-via-ai-lavori.jpg","datePublished":"2011-01-28T10:43:23+00:00","dateModified":"2019-03-28T11:29:08+00:00","breadcrumb":{"@id":"https:\/\/parcopan.org\/il-cervo-nel-parco-la-ricerca-scientifica-e-la-gestione\/#breadcrumb"},"inLanguage":"en-US","potentialAction":[{"@type":"ReadAction","target":["https:\/\/parcopan.org\/il-cervo-nel-parco-la-ricerca-scientifica-e-la-gestione\/"]}]},{"@type":"ImageObject","inLanguage":"en-US","@id":"https:\/\/parcopan.org\/il-cervo-nel-parco-la-ricerca-scientifica-e-la-gestione\/#primaryimage","url":"https:\/\/parcopan.org\/wp-content\/uploads\/2019\/03\/il-presidente-zortea-da-il-via-ai-lavori.jpg","contentUrl":"https:\/\/parcopan.org\/wp-content\/uploads\/2019\/03\/il-presidente-zortea-da-il-via-ai-lavori.jpg","width":800,"height":535,"caption":"Il Presidente Zortea da il via ai lavori"},{"@type":"BreadcrumbList","@id":"https:\/\/parcopan.org\/il-cervo-nel-parco-la-ricerca-scientifica-e-la-gestione\/#breadcrumb","itemListElement":[{"@type":"ListItem","position":1,"name":"Home","item":"https:\/\/parcopan.org\/en\/home-2\/"},{"@type":"ListItem","position":2,"name":"Non categorizzato","item":"https:\/\/parcopan.org\/category\/non-categorizzato\/"},{"@type":"ListItem","position":3,"name":"Il cervo nel Parco. La ricerca scientifica e la gestione"}]},{"@type":"WebSite","@id":"https:\/\/parcopan.org\/#website","url":"https:\/\/parcopan.org\/","name":"Parco Naturale Paneveggio Pale di San Martino","description":"Un Mondo di acque, rocce, foreste e storia","publisher":{"@id":"https:\/\/parcopan.org\/#organization"},"potentialAction":[{"@type":"SearchAction","target":{"@type":"EntryPoint","urlTemplate":"https:\/\/parcopan.org\/?s={search_term_string}"},"query-input":{"@type":"PropertyValueSpecification","valueRequired":true,"valueName":"search_term_string"}}],"inLanguage":"en-US"},{"@type":"Organization","@id":"https:\/\/parcopan.org\/#organization","name":"Parco Naturale Paneveggio Pale di San Martino","url":"https:\/\/parcopan.org\/","logo":{"@type":"ImageObject","inLanguage":"en-US","@id":"https:\/\/parcopan.org\/#\/schema\/logo\/image\/","url":"https:\/\/parcopan.org\/wp-content\/uploads\/2019\/03\/parcopan_logo_quadrato.png","contentUrl":"https:\/\/parcopan.org\/wp-content\/uploads\/2019\/03\/parcopan_logo_quadrato.png","width":522,"height":522,"caption":"Parco Naturale Paneveggio Pale di San Martino"},"image":{"@id":"https:\/\/parcopan.org\/#\/schema\/logo\/image\/"},"sameAs":["https:\/\/www.facebook.com\/Parcopan\/","https:\/\/x.com\/ParcoPaneveggio"]}]}},"_links":{"self":[{"href":"https:\/\/parcopan.org\/en\/wp-json\/wp\/v2\/posts\/3614","targetHints":{"allow":["GET"]}}],"collection":[{"href":"https:\/\/parcopan.org\/en\/wp-json\/wp\/v2\/posts"}],"about":[{"href":"https:\/\/parcopan.org\/en\/wp-json\/wp\/v2\/types\/post"}],"replies":[{"embeddable":true,"href":"https:\/\/parcopan.org\/en\/wp-json\/wp\/v2\/comments?post=3614"}],"version-history":[{"count":1,"href":"https:\/\/parcopan.org\/en\/wp-json\/wp\/v2\/posts\/3614\/revisions"}],"predecessor-version":[{"id":3631,"href":"https:\/\/parcopan.org\/en\/wp-json\/wp\/v2\/posts\/3614\/revisions\/3631"}],"wp:featuredmedia":[{"embeddable":true,"href":"https:\/\/parcopan.org\/en\/wp-json\/wp\/v2\/media\/3615"}],"wp:attachment":[{"href":"https:\/\/parcopan.org\/en\/wp-json\/wp\/v2\/media?parent=3614"}],"wp:term":[{"taxonomy":"category","embeddable":true,"href":"https:\/\/parcopan.org\/en\/wp-json\/wp\/v2\/categories?post=3614"},{"taxonomy":"post_tag","embeddable":true,"href":"https:\/\/parcopan.org\/en\/wp-json\/wp\/v2\/tags?post=3614"}],"curies":[{"name":"wp","href":"https:\/\/api.w.org\/{rel}","templated":true}]}}