{"id":30124,"date":"2023-10-13T09:49:00","date_gmt":"2023-10-13T07:49:00","guid":{"rendered":"https:\/\/parcopan.webmapp.it\/?p=30124"},"modified":"2023-12-22T10:07:16","modified_gmt":"2023-12-22T09:07:16","slug":"il-20-dicembre-alle-ore-15-si-riunisce-il-comitato-di-gestione-del-parco","status":"publish","type":"post","link":"https:\/\/parcopan.org\/en\/il-20-dicembre-alle-ore-15-si-riunisce-il-comitato-di-gestione-del-parco\/","title":{"rendered":"Il 20 dicembre si \u00e8 riunito il Comitato di Gestione del Parco"},"content":{"rendered":"\n<p>Mercoled\u00ec 20 dicembre alle ore 15 presso la Sala Consiliare del Comune di Primiero San Martino di Castrozza, a Fiera di Primiero, Via Fiume 10, per trattare il seguente ordine del giorno:<\/p>\n\n\n\n<ol class=\"wp-block-list\"><li>nomina scrutatori della seduta odierna;<\/li><li>esame ed approvazione del verbale della seduta precedente, di data 25 ottobre 2023;<\/li><li>DPP 21 gennaio 2010, n. 3-35\/Leg. Legge provinciale 14 settembre 1979, n. 7, art. 78bis1, D.Lgs. n. 118\/2011. Approvazione del bilancio di previsione finanziario 2024 \u2013 2026 dell\u2019Ente Parco Paneveggio Pale di San Martino;<\/li><li>DPP 21 gennaio 2010, n. 3-35\/Leg. Legge provinciale 14 settembre 1979, n. 7, art. 78bis1, D.Lgs. n. 118\/2011. Approvazione del Piano triennale delle Attivit\u00e0 2024 \u2013 2026 dell\u2019Ente Parco Paneveggio Pale di San Martino;<\/li><li>Regolamento di funzionamento del Comitato di gestione. Articolo 14: esame proposta di costituzione e nomina di una Commissione interna con compiti inerenti la materia pianificatoria;<\/li><li>comunicazioni del Presidente; varie ed eventuali.<\/li><\/ol>\n\n\n\n<h2 class=\"has-vivid-green-cyan-color has-text-color wp-block-heading\"><strong>Riunioni della Giunta Esecutiva e del Comitato di Gestione dell\u2019Ente Parco<\/strong><\/h2>\n\n\n\n<p>La Giunta Esecutiva del Parco si \u00e8 riunita lo scorso gioved\u00ec 14 dicembre a Villa Welsperg. Fra le delibere l\u2019\u201cAccordo quadro\u201d relativo alla \u201crete di collaborazione\u201d fra alcuni enti avviata, attraverso una serie di specifici incontri, svoltisi nel corso del 2023 e che hanno portato a condividere l\u2019obiettivo comune volto a realizzare un progetto nel medio lungo termine su tematiche culturali e ambientali, mettendo a sistema le specificit\u00e0 di ciascuna realt\u00e0 che vi aderisce. Oltre al Parco aderiscono a questo \u201cAccordo Quadro\u201d, il Museo delle Scienze-Museo Geologico delle Dolomiti, la Biblioteca pubblica comunale di Canal San Bovo, la Biblioteca pubblica comunale di Moena, la Biblioteca pubblica comunale di Predazzo, la Biblioteca pubblica intercomunale di Primiero e la Magnifica Comunit\u00e0 di Fiemme. L\u2019obiettivo di fondo \u00e8 quello di creare i presupposti per un approccio unitario che preveda la condivisione di buone pratiche e lo sviluppo di iniziative innovative, per promuovere la sensibilizzazione e la partecipazione attiva della comunit\u00e0 locale verso l\u2019ambiente e la cultura della montagna. Questa \u201crete\u201d fra importanti soggetti culturali e scientifici si pone anche come obiettivo il raggiungimento di una possibile \u201ccittadinanza ambientale\u201d che possa permettere di vivere con maggior consapevolezza il rapporto fra l\u2019uomo e la natura.<\/p>\n\n\n\n<p>La Giunta Esecutiva ha rinnovato l\u2019Accordo di programma, da sottoscrivere con il Comune di Canal San Bovo, per l\u2019esercizio 2024, che prevede la valorizzazione e la promozione dell\u2019Ecomuseo del Vanoi. Questa collaborazione, avviata da tempo, fra il Parco e l\u2019Ecomuseo permette di realizzare una serie di iniziative culturali, ambientali e didattiche e insieme di potenziare le iniziative e le attivit\u00e0 relative al \u201cSentiero Etnografico del Vanoi\u201d.<\/p>\n\n\n\n<p class=\"has-vivid-green-cyan-color has-text-color\">A seguito della riunione della Giunta esecutiva, il Comitato Esecutivo del Parco si \u00e8 riunito il 20 dicembre 2023 alle ore 15 presso la Sala Consiliare del Comune di Primiero San Martino di Castrozza.<\/p>\n\n\n\n<p>\u00c8 stato approvato il Bilancio di previsione finanziario 2024 \u2013 2026 dell\u2019Ente e il Piano triennale delle attivit\u00e0. Il Bilancio 2024 si attesta sui 2.128.185 euro.<\/p>\n\n\n\n<p>Il Piano triennale delle attivit\u00e0 presentato al Comitato contiene gli ambiti di intervento che riguardano nello specifico: il quadro delle risorse umane, gli strumenti di pianificazione, la ricerca scientifica, l\u2019educazione ambientale, l\u2019attivit\u00e0 al pubblico e la comunicazione e la conservazione e la valorizzazione del territorio e la mobilit\u00e0 sostenibile. Fra le molteplici attivit\u00e0 previste nel Piano \u00e8 stato ricordato, all\u2019interno degli degli strumenti attuativi del Piano del Parco, incentivi finanziari, diretti a favorire interventi di restauro dei manufatti edilizi, di recupero ambientale, e altri interventi comunque coerenti con gli obiettivi del Piano, tra i quali il mantenimento delle aree a pascolo, nonch\u00e9 il ripristino delle colture agricole tradizionali e le attivit\u00e0 di sfalcio, quando finalizzate al mantenimento o al ripristino di habitat.<\/p>\n\n\n\n<p>\u00c8 stato ricordato che, a conclusione dell\u2019esame del percorso svolto dall\u2019Ente nel biennio 2022-2023, attraverso il lavoro di un proprio soggetto certificatore, nel mese di novembre 2023 Europarc Federation ha riconosciuto la assegnazione al Parco della &#8220;Carta europea per il Turismo Sostenibile&#8221; (CETS), con cerimonia svoltasi alla sede del Parlamento europeo di Bruxelles. Si apre ora, \u00e8 stato sottolineato, la fase quinquennale di realizzazione delle attivit\u00e0 previste nel Piano di azione della &#8220;Carta&#8221;, che coinvolge un vasto numero di soggetti, pubblici e privati, del territorio di riferimento.<\/p>\n\n\n\n<p>La ricerca e il monitoraggio, nel prossimo triennio, si orienteranno su tematiche peculiari: gli ambiti di indagine principali riguardano il monitoraggio dei danni da ungulati alla vegetazione e ricadute a cascata su specie animali e vegetali ad elevato valore conservazionistico, il monitoraggio di habitat e specie animali e vegetali di interesse comunitario, lo studio della biologia dei galliformi con particolare riferimento alla pernice bianca, il monitoraggio delle modificazioni ambientali derivanti da disturbi naturali, come la tempesta Vaia e il bostrico e antropici guardanti, in particolare, il pascolo e le utilizzazioni forestali. Fra le attivit\u00e0 si segnalano in particolare lo studio sui licheni, il potenziamento della popolazione di gambero di fiume nell\u2019area della Val Canali, la sperimentazione sui metodi di contenimento del bostrico, lo studio dell\u2019evoluzione del limite del bosco e lo studio sui mustelidi del Parco. <\/p>\n\n\n\n<p>E\u2019 stata ricordata la nuova <em>corporate identity<\/em><strong> <\/strong>rivolta alla rivisitazione complessiva degli strumenti interni ed esterni della comunicazione, con particolare riferimento alla rivista periodica del Parco, allo strumento di informazione istituzionale interno, alla attivazione di una newsletter periodica. Per quanti riguarda l\u2019Educazione ambientale \u00e8 in atto una parziale revisione incardinata su prospettive e principi di maggiore connessione con le ricerche del Parco.<\/p>\n\n\n\n<p>Terminata la realizzazione del nuovo allestimento nel Centro visitatori di Paneveggio, ora si tratta di<strong> <\/strong>occuparsi del nuovo Centro a San Martino di Castrozza e lo si far\u00e0 partendo principalmente dal definire le sue funzioni. A tal fine \u00e8 stato dato l\u2019incarico ad un professionista di delineare, in base alla specificit\u00e0 del luogo, le possibili modalit\u00e0 di utilizzo, in modo da rendere il nuovo Centro un punto di \u201cinterscambio culturale\u201d. A partire dai primi mesi del 2024 saranno pertanto seguite tutte le procedure tecniche e parte di quelle amministrative, in sinergia con quelle relative alla realizzazione della parte strutturale, in modo da arrivare ad avere un Centro finito ed apribile al pubblico per la fine dell\u2019anno 2025.<em><\/em><\/p>\n\n\n\n<p>In riferimento al punto all\u2019ordine del giorno relativo alla proposta di costituzione di una Commissione interna con compiti inerenti la materia pianificatoria \u00e8 stato specificato che il punto fa seguito alla precedente riunione, quando il Presidente aveva comunicato l\u2019intenzione di proporre la creazione di una Commissione interna al Comitato a cui affidare il compito di definire le linee generali per un aggiornamento del Piano del Parco, visti i radicali cambiamenti intervenuti in questi ultimi anni a partire da eventi eccezionali come la tempesta Vaia. In particolare la Commissione approfondir\u00e0 l\u2019analisi dello stato di attuazione del Piano del Parco e l\u2019esame del quadro di contesto pianificatorio sviluppatosi successivamente alla adozione del Piano del Parco. Il Comitato definisce per il momento in sette il numero dei componenti con una eventuale integrazione degli stessi componenti all\u2019inizio del nuovo anno. Nella Commissione fanno parte il Presidente, come componente di diritto e i componenti nominati dal Comitato: Giacomo Broch, Fabio Grisotto, Davide Casadio, Daniele Gubert, Uberto Meneguz, Paolo Secco.<\/p>\n","protected":false},"excerpt":{"rendered":"<p>Mercoled\u00ec 20 dicembre alle ore 15 presso la Sala Consiliare del Comune di Primiero San Martino di Castrozza, a Fiera di Primiero, Via Fiume 10, per trattare il seguente ordine del giorno: nomina scrutatori della seduta odierna; esame ed approvazione del verbale della seduta precedente, di data 25 ottobre 2023; DPP 21 gennaio 2010, n&#8230;.<\/p>\n","protected":false},"author":12,"featured_media":15613,"comment_status":"closed","ping_status":"open","sticky":false,"template":"","format":"standard","meta":{"_acf_changed":false,"footnotes":""},"categories":[28],"tags":[],"class_list":["post-30124","post","type-post","status-publish","format-standard","has-post-thumbnail","hentry","category-non-categorizzato"],"acf":[],"yoast_head":"<!-- This site is optimized with the Yoast SEO plugin v25.5 - https:\/\/yoast.com\/wordpress\/plugins\/seo\/ -->\n<title>Il 20 dicembre si \u00e8 riunito il Comitato di Gestione del Parco - Parco Naturale Paneveggio Pale di San Martino<\/title>\n<meta name=\"robots\" content=\"index, follow, max-snippet:-1, max-image-preview:large, max-video-preview:-1\" \/>\n<link rel=\"canonical\" href=\"https:\/\/parcopan.org\/il-20-dicembre-alle-ore-15-si-riunisce-il-comitato-di-gestione-del-parco\/\" \/>\n<meta property=\"og:locale\" content=\"en_US\" \/>\n<meta property=\"og:type\" content=\"article\" \/>\n<meta property=\"og:title\" content=\"Il 20 dicembre si \u00e8 riunito il Comitato di Gestione del Parco - Parco Naturale Paneveggio Pale di San Martino\" \/>\n<meta property=\"og:description\" content=\"Mercoled\u00ec 20 dicembre alle ore 15 presso la Sala Consiliare del Comune di Primiero San Martino di Castrozza, a Fiera di Primiero, Via Fiume 10, per trattare il seguente ordine del giorno: nomina scrutatori della seduta odierna; esame ed approvazione del verbale della seduta precedente, di data 25 ottobre 2023; DPP 21 gennaio 2010, n....\" \/>\n<meta property=\"og:url\" content=\"https:\/\/parcopan.org\/il-20-dicembre-alle-ore-15-si-riunisce-il-comitato-di-gestione-del-parco\/\" \/>\n<meta property=\"og:site_name\" content=\"Parco Naturale Paneveggio Pale di San Martino\" \/>\n<meta property=\"article:publisher\" content=\"https:\/\/www.facebook.com\/Parcopan\/\" \/>\n<meta property=\"article:published_time\" content=\"2023-10-13T07:49:00+00:00\" \/>\n<meta property=\"article:modified_time\" content=\"2023-12-22T09:07:16+00:00\" \/>\n<meta property=\"og:image\" content=\"https:\/\/parcopan.org\/wp-content\/uploads\/2019\/11\/Villa-Welsperg-Attivit\u00e0-inverno.jpg\" \/>\n\t<meta property=\"og:image:width\" content=\"1902\" \/>\n\t<meta property=\"og:image:height\" content=\"1160\" \/>\n\t<meta property=\"og:image:type\" content=\"image\/jpeg\" \/>\n<meta name=\"author\" content=\"Walter Taufer\" \/>\n<meta name=\"twitter:card\" content=\"summary_large_image\" \/>\n<meta name=\"twitter:creator\" content=\"@ParcoPaneveggio\" \/>\n<meta name=\"twitter:site\" content=\"@ParcoPaneveggio\" \/>\n<meta name=\"twitter:label1\" content=\"Written by\" \/>\n\t<meta name=\"twitter:data1\" content=\"Walter Taufer\" \/>\n\t<meta name=\"twitter:label2\" content=\"Est. reading time\" \/>\n\t<meta name=\"twitter:data2\" content=\"6 minutes\" \/>\n<script type=\"application\/ld+json\" class=\"yoast-schema-graph\">{\"@context\":\"https:\/\/schema.org\",\"@graph\":[{\"@type\":\"Article\",\"@id\":\"https:\/\/parcopan.org\/il-20-dicembre-alle-ore-15-si-riunisce-il-comitato-di-gestione-del-parco\/#article\",\"isPartOf\":{\"@id\":\"https:\/\/parcopan.org\/il-20-dicembre-alle-ore-15-si-riunisce-il-comitato-di-gestione-del-parco\/\"},\"author\":{\"name\":\"Walter Taufer\",\"@id\":\"https:\/\/parcopan.org\/#\/schema\/person\/09ea313c417f548831817948b8901990\"},\"headline\":\"Il 20 dicembre si \u00e8 riunito il Comitato di Gestione del Parco\",\"datePublished\":\"2023-10-13T07:49:00+00:00\",\"dateModified\":\"2023-12-22T09:07:16+00:00\",\"mainEntityOfPage\":{\"@id\":\"https:\/\/parcopan.org\/il-20-dicembre-alle-ore-15-si-riunisce-il-comitato-di-gestione-del-parco\/\"},\"wordCount\":1168,\"publisher\":{\"@id\":\"https:\/\/parcopan.org\/#organization\"},\"image\":{\"@id\":\"https:\/\/parcopan.org\/il-20-dicembre-alle-ore-15-si-riunisce-il-comitato-di-gestione-del-parco\/#primaryimage\"},\"thumbnailUrl\":\"https:\/\/parcopan.org\/wp-content\/uploads\/2019\/11\/Villa-Welsperg-Attivit\u00e0-inverno.jpg\",\"articleSection\":[\"Non categorizzato\"],\"inLanguage\":\"en-US\"},{\"@type\":\"WebPage\",\"@id\":\"https:\/\/parcopan.org\/il-20-dicembre-alle-ore-15-si-riunisce-il-comitato-di-gestione-del-parco\/\",\"url\":\"https:\/\/parcopan.org\/il-20-dicembre-alle-ore-15-si-riunisce-il-comitato-di-gestione-del-parco\/\",\"name\":\"Il 20 dicembre si \u00e8 riunito il Comitato di Gestione del Parco - Parco Naturale Paneveggio Pale di San Martino\",\"isPartOf\":{\"@id\":\"https:\/\/parcopan.org\/#website\"},\"primaryImageOfPage\":{\"@id\":\"https:\/\/parcopan.org\/il-20-dicembre-alle-ore-15-si-riunisce-il-comitato-di-gestione-del-parco\/#primaryimage\"},\"image\":{\"@id\":\"https:\/\/parcopan.org\/il-20-dicembre-alle-ore-15-si-riunisce-il-comitato-di-gestione-del-parco\/#primaryimage\"},\"thumbnailUrl\":\"https:\/\/parcopan.org\/wp-content\/uploads\/2019\/11\/Villa-Welsperg-Attivit\u00e0-inverno.jpg\",\"datePublished\":\"2023-10-13T07:49:00+00:00\",\"dateModified\":\"2023-12-22T09:07:16+00:00\",\"breadcrumb\":{\"@id\":\"https:\/\/parcopan.org\/il-20-dicembre-alle-ore-15-si-riunisce-il-comitato-di-gestione-del-parco\/#breadcrumb\"},\"inLanguage\":\"en-US\",\"potentialAction\":[{\"@type\":\"ReadAction\",\"target\":[\"https:\/\/parcopan.org\/il-20-dicembre-alle-ore-15-si-riunisce-il-comitato-di-gestione-del-parco\/\"]}]},{\"@type\":\"ImageObject\",\"inLanguage\":\"en-US\",\"@id\":\"https:\/\/parcopan.org\/il-20-dicembre-alle-ore-15-si-riunisce-il-comitato-di-gestione-del-parco\/#primaryimage\",\"url\":\"https:\/\/parcopan.org\/wp-content\/uploads\/2019\/11\/Villa-Welsperg-Attivit\u00e0-inverno.jpg\",\"contentUrl\":\"https:\/\/parcopan.org\/wp-content\/uploads\/2019\/11\/Villa-Welsperg-Attivit\u00e0-inverno.jpg\",\"width\":1902,\"height\":1160},{\"@type\":\"BreadcrumbList\",\"@id\":\"https:\/\/parcopan.org\/il-20-dicembre-alle-ore-15-si-riunisce-il-comitato-di-gestione-del-parco\/#breadcrumb\",\"itemListElement\":[{\"@type\":\"ListItem\",\"position\":1,\"name\":\"Home\",\"item\":\"https:\/\/parcopan.org\/en\/home-2\/\"},{\"@type\":\"ListItem\",\"position\":2,\"name\":\"Uncategorized\",\"item\":\"https:\/\/parcopan.org\/category\/uncategorized\/\"},{\"@type\":\"ListItem\",\"position\":3,\"name\":\"Il 20 dicembre si \u00e8 riunito il Comitato di Gestione del Parco\"}]},{\"@type\":\"WebSite\",\"@id\":\"https:\/\/parcopan.org\/#website\",\"url\":\"https:\/\/parcopan.org\/\",\"name\":\"Parco Naturale Paneveggio Pale di San Martino\",\"description\":\"Un Mondo di acque, rocce, foreste e storia\",\"publisher\":{\"@id\":\"https:\/\/parcopan.org\/#organization\"},\"potentialAction\":[{\"@type\":\"SearchAction\",\"target\":{\"@type\":\"EntryPoint\",\"urlTemplate\":\"https:\/\/parcopan.org\/?s={search_term_string}\"},\"query-input\":{\"@type\":\"PropertyValueSpecification\",\"valueRequired\":true,\"valueName\":\"search_term_string\"}}],\"inLanguage\":\"en-US\"},{\"@type\":\"Organization\",\"@id\":\"https:\/\/parcopan.org\/#organization\",\"name\":\"Parco Naturale Paneveggio Pale di San Martino\",\"url\":\"https:\/\/parcopan.org\/\",\"logo\":{\"@type\":\"ImageObject\",\"inLanguage\":\"en-US\",\"@id\":\"https:\/\/parcopan.org\/#\/schema\/logo\/image\/\",\"url\":\"https:\/\/parcopan.org\/wp-content\/uploads\/2019\/03\/parcopan_logo_quadrato.png\",\"contentUrl\":\"https:\/\/parcopan.org\/wp-content\/uploads\/2019\/03\/parcopan_logo_quadrato.png\",\"width\":522,\"height\":522,\"caption\":\"Parco Naturale Paneveggio Pale di San Martino\"},\"image\":{\"@id\":\"https:\/\/parcopan.org\/#\/schema\/logo\/image\/\"},\"sameAs\":[\"https:\/\/www.facebook.com\/Parcopan\/\",\"https:\/\/x.com\/ParcoPaneveggio\"]},{\"@type\":\"Person\",\"@id\":\"https:\/\/parcopan.org\/#\/schema\/person\/09ea313c417f548831817948b8901990\",\"name\":\"Walter Taufer\",\"image\":{\"@type\":\"ImageObject\",\"inLanguage\":\"en-US\",\"@id\":\"https:\/\/parcopan.org\/#\/schema\/person\/image\/\",\"url\":\"https:\/\/secure.gravatar.com\/avatar\/c9335b381753c8c8c1fef39279ccf17bdb91d89cba28d9732229a53d5c2bd03d?s=96&d=mm&r=g\",\"contentUrl\":\"https:\/\/secure.gravatar.com\/avatar\/c9335b381753c8c8c1fef39279ccf17bdb91d89cba28d9732229a53d5c2bd03d?s=96&d=mm&r=g\",\"caption\":\"Walter Taufer\"},\"url\":\"https:\/\/parcopan.org\/en\/author\/water-taufer\/\"}]}<\/script>\n<!-- \/ Yoast SEO plugin. -->","yoast_head_json":{"title":"Il 20 dicembre si \u00e8 riunito il Comitato di Gestione del Parco - Parco Naturale Paneveggio Pale di San Martino","robots":{"index":"index","follow":"follow","max-snippet":"max-snippet:-1","max-image-preview":"max-image-preview:large","max-video-preview":"max-video-preview:-1"},"canonical":"https:\/\/parcopan.org\/il-20-dicembre-alle-ore-15-si-riunisce-il-comitato-di-gestione-del-parco\/","og_locale":"en_US","og_type":"article","og_title":"Il 20 dicembre si \u00e8 riunito il Comitato di Gestione del Parco - Parco Naturale Paneveggio Pale di San Martino","og_description":"Mercoled\u00ec 20 dicembre alle ore 15 presso la Sala Consiliare del Comune di Primiero San Martino di Castrozza, a Fiera di Primiero, Via Fiume 10, per trattare il seguente ordine del giorno: nomina scrutatori della seduta odierna; esame ed approvazione del verbale della seduta precedente, di data 25 ottobre 2023; DPP 21 gennaio 2010, n....","og_url":"https:\/\/parcopan.org\/il-20-dicembre-alle-ore-15-si-riunisce-il-comitato-di-gestione-del-parco\/","og_site_name":"Parco Naturale Paneveggio Pale di San Martino","article_publisher":"https:\/\/www.facebook.com\/Parcopan\/","article_published_time":"2023-10-13T07:49:00+00:00","article_modified_time":"2023-12-22T09:07:16+00:00","og_image":[{"width":1902,"height":1160,"url":"https:\/\/parcopan.org\/wp-content\/uploads\/2019\/11\/Villa-Welsperg-Attivit\u00e0-inverno.jpg","type":"image\/jpeg"}],"author":"Walter Taufer","twitter_card":"summary_large_image","twitter_creator":"@ParcoPaneveggio","twitter_site":"@ParcoPaneveggio","twitter_misc":{"Written by":"Walter Taufer","Est. reading time":"6 minutes"},"schema":{"@context":"https:\/\/schema.org","@graph":[{"@type":"Article","@id":"https:\/\/parcopan.org\/il-20-dicembre-alle-ore-15-si-riunisce-il-comitato-di-gestione-del-parco\/#article","isPartOf":{"@id":"https:\/\/parcopan.org\/il-20-dicembre-alle-ore-15-si-riunisce-il-comitato-di-gestione-del-parco\/"},"author":{"name":"Walter Taufer","@id":"https:\/\/parcopan.org\/#\/schema\/person\/09ea313c417f548831817948b8901990"},"headline":"Il 20 dicembre si \u00e8 riunito il Comitato di Gestione del Parco","datePublished":"2023-10-13T07:49:00+00:00","dateModified":"2023-12-22T09:07:16+00:00","mainEntityOfPage":{"@id":"https:\/\/parcopan.org\/il-20-dicembre-alle-ore-15-si-riunisce-il-comitato-di-gestione-del-parco\/"},"wordCount":1168,"publisher":{"@id":"https:\/\/parcopan.org\/#organization"},"image":{"@id":"https:\/\/parcopan.org\/il-20-dicembre-alle-ore-15-si-riunisce-il-comitato-di-gestione-del-parco\/#primaryimage"},"thumbnailUrl":"https:\/\/parcopan.org\/wp-content\/uploads\/2019\/11\/Villa-Welsperg-Attivit\u00e0-inverno.jpg","articleSection":["Non categorizzato"],"inLanguage":"en-US"},{"@type":"WebPage","@id":"https:\/\/parcopan.org\/il-20-dicembre-alle-ore-15-si-riunisce-il-comitato-di-gestione-del-parco\/","url":"https:\/\/parcopan.org\/il-20-dicembre-alle-ore-15-si-riunisce-il-comitato-di-gestione-del-parco\/","name":"Il 20 dicembre si \u00e8 riunito il Comitato di Gestione del Parco - Parco Naturale Paneveggio Pale di San Martino","isPartOf":{"@id":"https:\/\/parcopan.org\/#website"},"primaryImageOfPage":{"@id":"https:\/\/parcopan.org\/il-20-dicembre-alle-ore-15-si-riunisce-il-comitato-di-gestione-del-parco\/#primaryimage"},"image":{"@id":"https:\/\/parcopan.org\/il-20-dicembre-alle-ore-15-si-riunisce-il-comitato-di-gestione-del-parco\/#primaryimage"},"thumbnailUrl":"https:\/\/parcopan.org\/wp-content\/uploads\/2019\/11\/Villa-Welsperg-Attivit\u00e0-inverno.jpg","datePublished":"2023-10-13T07:49:00+00:00","dateModified":"2023-12-22T09:07:16+00:00","breadcrumb":{"@id":"https:\/\/parcopan.org\/il-20-dicembre-alle-ore-15-si-riunisce-il-comitato-di-gestione-del-parco\/#breadcrumb"},"inLanguage":"en-US","potentialAction":[{"@type":"ReadAction","target":["https:\/\/parcopan.org\/il-20-dicembre-alle-ore-15-si-riunisce-il-comitato-di-gestione-del-parco\/"]}]},{"@type":"ImageObject","inLanguage":"en-US","@id":"https:\/\/parcopan.org\/il-20-dicembre-alle-ore-15-si-riunisce-il-comitato-di-gestione-del-parco\/#primaryimage","url":"https:\/\/parcopan.org\/wp-content\/uploads\/2019\/11\/Villa-Welsperg-Attivit\u00e0-inverno.jpg","contentUrl":"https:\/\/parcopan.org\/wp-content\/uploads\/2019\/11\/Villa-Welsperg-Attivit\u00e0-inverno.jpg","width":1902,"height":1160},{"@type":"BreadcrumbList","@id":"https:\/\/parcopan.org\/il-20-dicembre-alle-ore-15-si-riunisce-il-comitato-di-gestione-del-parco\/#breadcrumb","itemListElement":[{"@type":"ListItem","position":1,"name":"Home","item":"https:\/\/parcopan.org\/en\/home-2\/"},{"@type":"ListItem","position":2,"name":"Uncategorized","item":"https:\/\/parcopan.org\/category\/uncategorized\/"},{"@type":"ListItem","position":3,"name":"Il 20 dicembre si \u00e8 riunito il Comitato di Gestione del Parco"}]},{"@type":"WebSite","@id":"https:\/\/parcopan.org\/#website","url":"https:\/\/parcopan.org\/","name":"Parco Naturale Paneveggio Pale di San Martino","description":"Un Mondo di acque, rocce, foreste e storia","publisher":{"@id":"https:\/\/parcopan.org\/#organization"},"potentialAction":[{"@type":"SearchAction","target":{"@type":"EntryPoint","urlTemplate":"https:\/\/parcopan.org\/?s={search_term_string}"},"query-input":{"@type":"PropertyValueSpecification","valueRequired":true,"valueName":"search_term_string"}}],"inLanguage":"en-US"},{"@type":"Organization","@id":"https:\/\/parcopan.org\/#organization","name":"Parco Naturale Paneveggio Pale di San Martino","url":"https:\/\/parcopan.org\/","logo":{"@type":"ImageObject","inLanguage":"en-US","@id":"https:\/\/parcopan.org\/#\/schema\/logo\/image\/","url":"https:\/\/parcopan.org\/wp-content\/uploads\/2019\/03\/parcopan_logo_quadrato.png","contentUrl":"https:\/\/parcopan.org\/wp-content\/uploads\/2019\/03\/parcopan_logo_quadrato.png","width":522,"height":522,"caption":"Parco Naturale Paneveggio Pale di San Martino"},"image":{"@id":"https:\/\/parcopan.org\/#\/schema\/logo\/image\/"},"sameAs":["https:\/\/www.facebook.com\/Parcopan\/","https:\/\/x.com\/ParcoPaneveggio"]},{"@type":"Person","@id":"https:\/\/parcopan.org\/#\/schema\/person\/09ea313c417f548831817948b8901990","name":"Walter Taufer","image":{"@type":"ImageObject","inLanguage":"en-US","@id":"https:\/\/parcopan.org\/#\/schema\/person\/image\/","url":"https:\/\/secure.gravatar.com\/avatar\/c9335b381753c8c8c1fef39279ccf17bdb91d89cba28d9732229a53d5c2bd03d?s=96&d=mm&r=g","contentUrl":"https:\/\/secure.gravatar.com\/avatar\/c9335b381753c8c8c1fef39279ccf17bdb91d89cba28d9732229a53d5c2bd03d?s=96&d=mm&r=g","caption":"Walter Taufer"},"url":"https:\/\/parcopan.org\/en\/author\/water-taufer\/"}]}},"_links":{"self":[{"href":"https:\/\/parcopan.org\/en\/wp-json\/wp\/v2\/posts\/30124","targetHints":{"allow":["GET"]}}],"collection":[{"href":"https:\/\/parcopan.org\/en\/wp-json\/wp\/v2\/posts"}],"about":[{"href":"https:\/\/parcopan.org\/en\/wp-json\/wp\/v2\/types\/post"}],"author":[{"embeddable":true,"href":"https:\/\/parcopan.org\/en\/wp-json\/wp\/v2\/users\/12"}],"replies":[{"embeddable":true,"href":"https:\/\/parcopan.org\/en\/wp-json\/wp\/v2\/comments?post=30124"}],"version-history":[{"count":22,"href":"https:\/\/parcopan.org\/en\/wp-json\/wp\/v2\/posts\/30124\/revisions"}],"predecessor-version":[{"id":30246,"href":"https:\/\/parcopan.org\/en\/wp-json\/wp\/v2\/posts\/30124\/revisions\/30246"}],"wp:featuredmedia":[{"embeddable":true,"href":"https:\/\/parcopan.org\/en\/wp-json\/wp\/v2\/media\/15613"}],"wp:attachment":[{"href":"https:\/\/parcopan.org\/en\/wp-json\/wp\/v2\/media?parent=30124"}],"wp:term":[{"taxonomy":"category","embeddable":true,"href":"https:\/\/parcopan.org\/en\/wp-json\/wp\/v2\/categories?post=30124"},{"taxonomy":"post_tag","embeddable":true,"href":"https:\/\/parcopan.org\/en\/wp-json\/wp\/v2\/tags?post=30124"}],"curies":[{"name":"wp","href":"https:\/\/api.w.org\/{rel}","templated":true}]}}