{"id":23607,"date":"2022-06-28T09:23:53","date_gmt":"2022-06-28T07:23:53","guid":{"rendered":"https:\/\/parcopan.webmapp.it\/?p=23607"},"modified":"2022-09-05T08:17:43","modified_gmt":"2022-09-05T06:17:43","slug":"a-piedi-nudi-sul-tempo","status":"publish","type":"post","link":"https:\/\/parcopan.org\/en\/a-piedi-nudi-sul-tempo\/","title":{"rendered":"\u201cA piedi nudi sul tempo\u201d"},"content":{"rendered":"\n<p>In corrispondenza del Legno dedicato a Gea, a monte di <a href=\"https:\/\/www.parcopan.org\/poi\/villa-welsperg-2\/\">Villa Weslperg<\/a>, \u00e8 possibile fare un\u2019esperienza a piedi scalzi unendo le diverse sensazioni offerte da materiali differenti ad un viaggio nel passato e in profondit\u00e0. Partendo dallo strato pi\u00f9 recente, la lettiera composta da foglie, semi, rametti si passa allo strato di <em>humus <\/em>originatosi dalla parziale degradazione del materiale organico e via via agli orizzonti successivi dove al materiale organico si aggiungono limo, sabbia, argilla e, pi\u00f9 in profondit\u00e0, ciottoli sempre pi\u00f9 numerosi e grossi fino ad arrivare alla roccia madre.<\/p>\n\n\n\n<p>Questi suoli derivano dall\u2019erosione della roccia ad opera del ghiacciaio, il cui ritiro, attorno ai 12.000 anni, ne segna l\u2019inizio della storia.<\/p>\n\n\n\n<p><strong><a href=\"https:\/\/www.parcopan.org\/le-attivita\/i-progetti-di-conservazione\/progetto-biodiversita-val-canali\/il-percorso-delle-muse-fedaie\/\">Un Sentiero da percorrere a piedi<\/a><\/strong><\/p>\n\n\n\n<p>Per arrivare alla nuova postazione \u00e8 possibile inoltre percorre a piedi nudi circa 500 metri di morbido sentiero erboso e, una volta raggiunta la postazione e vissuta l\u2019esperienza, \u00e8 possibile proseguire, sempre su sentiero erboso, per altri 200 m fino all\u2019estremit\u00e0 del grande prato.<\/p>\n\n\n\n<h2 class=\"has-vivid-green-cyan-color has-text-color wp-block-heading\"><strong>Le attivit\u00e0 per l\u2019estate<\/strong><strong><\/strong><\/h2>\n\n\n\n<p class=\"has-vivid-green-cyan-color has-text-color\"><strong>Per fare esperienza della camminata a piedi nudi ti segnaliamo l\u2019attivit\u00e0 \u201cPasseggiando lungo il Sentiero delle Muse fedaie\u201d (doppia uscita ore 10.30 e ore 15) tutti i marted\u00ec, dal 5 luglio al 6 settembre.<\/strong><\/p>\n\n\n\n<p class=\"has-vivid-green-cyan-color has-text-color\"><strong>Andrea Bianchi, scrittore e barefooter, fondatore della prima Scuola in Italia di barefoot hiking (camminata scalza in natura) accompagner\u00e0 in questa esperienza nelle giornate di sabato 20 agosto e sabato 3 settembre da Villa Welsperg alle ore 10.<\/strong><\/p>\n\n\n\n<p><a href=\"https:\/\/www.flipbookpdf.net\/web\/site\/25a7f7f0a107ce4bc160aef89377622d73e5dbe4202206.pdf.html\">Per tutte le info consulta il Parco in Tasca<\/a><\/p>\n","protected":false},"excerpt":{"rendered":"<p>Percorrendo il Sentiero \u201cLe Muse Fedaie\u201d che si snoda fra i prati della Val Canali e descrive la biodiversit\u00e0 di questi luoghi, quest\u2019estate si trover\u00e0 una piacevole novit\u00e0: un percorso sensoriale da percorrere a piedi nudi.<\/p>\n","protected":false},"author":12,"featured_media":23608,"comment_status":"closed","ping_status":"open","sticky":false,"template":"","format":"standard","meta":{"_acf_changed":false,"footnotes":""},"categories":[28],"tags":[],"class_list":["post-23607","post","type-post","status-publish","format-standard","has-post-thumbnail","hentry","category-non-categorizzato"],"acf":[],"yoast_head":"<!-- This site is optimized with the Yoast SEO plugin v25.5 - https:\/\/yoast.com\/wordpress\/plugins\/seo\/ -->\n<title>\u201cA piedi nudi sul tempo\u201d - Parco Naturale Paneveggio Pale di San Martino<\/title>\n<meta name=\"robots\" content=\"index, follow, max-snippet:-1, max-image-preview:large, max-video-preview:-1\" \/>\n<link rel=\"canonical\" href=\"https:\/\/parcopan.org\/a-piedi-nudi-sul-tempo\/\" \/>\n<meta property=\"og:locale\" content=\"en_US\" \/>\n<meta property=\"og:type\" content=\"article\" \/>\n<meta property=\"og:title\" content=\"\u201cA piedi nudi sul tempo\u201d - Parco Naturale Paneveggio Pale di San Martino\" \/>\n<meta property=\"og:description\" content=\"Percorrendo il Sentiero \u201cLe Muse Fedaie\u201d che si snoda fra i prati della Val Canali e descrive la biodiversit\u00e0 di questi luoghi, quest\u2019estate si trover\u00e0 una piacevole novit\u00e0: un percorso sensoriale da percorrere a piedi nudi.\" \/>\n<meta property=\"og:url\" content=\"https:\/\/parcopan.org\/a-piedi-nudi-sul-tempo\/\" \/>\n<meta property=\"og:site_name\" content=\"Parco Naturale Paneveggio Pale di San Martino\" \/>\n<meta property=\"article:publisher\" content=\"https:\/\/www.facebook.com\/Parcopan\/\" \/>\n<meta property=\"article:published_time\" content=\"2022-06-28T07:23:53+00:00\" \/>\n<meta property=\"article:modified_time\" content=\"2022-09-05T06:17:43+00:00\" \/>\n<meta property=\"og:image\" content=\"https:\/\/parcopan.org\/wp-content\/uploads\/2022\/06\/A-piedi-nudi-sul-tempo-3.jpg\" \/>\n\t<meta property=\"og:image:width\" content=\"1280\" \/>\n\t<meta property=\"og:image:height\" content=\"853\" \/>\n\t<meta property=\"og:image:type\" content=\"image\/jpeg\" \/>\n<meta name=\"author\" content=\"Walter Taufer\" \/>\n<meta name=\"twitter:card\" content=\"summary_large_image\" \/>\n<meta name=\"twitter:creator\" content=\"@ParcoPaneveggio\" \/>\n<meta name=\"twitter:site\" content=\"@ParcoPaneveggio\" \/>\n<meta name=\"twitter:label1\" content=\"Written by\" \/>\n\t<meta name=\"twitter:data1\" content=\"Walter Taufer\" \/>\n\t<meta name=\"twitter:label2\" content=\"Est. reading time\" \/>\n\t<meta name=\"twitter:data2\" content=\"2 minutes\" \/>\n<script type=\"application\/ld+json\" class=\"yoast-schema-graph\">{\"@context\":\"https:\/\/schema.org\",\"@graph\":[{\"@type\":\"Article\",\"@id\":\"https:\/\/parcopan.org\/a-piedi-nudi-sul-tempo\/#article\",\"isPartOf\":{\"@id\":\"https:\/\/parcopan.org\/a-piedi-nudi-sul-tempo\/\"},\"author\":{\"name\":\"Walter Taufer\",\"@id\":\"https:\/\/parcopan.org\/#\/schema\/person\/09ea313c417f548831817948b8901990\"},\"headline\":\"\u201cA piedi nudi sul tempo\u201d\",\"datePublished\":\"2022-06-28T07:23:53+00:00\",\"dateModified\":\"2022-09-05T06:17:43+00:00\",\"mainEntityOfPage\":{\"@id\":\"https:\/\/parcopan.org\/a-piedi-nudi-sul-tempo\/\"},\"wordCount\":247,\"publisher\":{\"@id\":\"https:\/\/parcopan.org\/#organization\"},\"image\":{\"@id\":\"https:\/\/parcopan.org\/a-piedi-nudi-sul-tempo\/#primaryimage\"},\"thumbnailUrl\":\"https:\/\/parcopan.org\/wp-content\/uploads\/2022\/06\/A-piedi-nudi-sul-tempo-3.jpg\",\"articleSection\":[\"Non categorizzato\"],\"inLanguage\":\"en-US\"},{\"@type\":\"WebPage\",\"@id\":\"https:\/\/parcopan.org\/a-piedi-nudi-sul-tempo\/\",\"url\":\"https:\/\/parcopan.org\/a-piedi-nudi-sul-tempo\/\",\"name\":\"\u201cA piedi nudi sul tempo\u201d - Parco Naturale Paneveggio Pale di San Martino\",\"isPartOf\":{\"@id\":\"https:\/\/parcopan.org\/#website\"},\"primaryImageOfPage\":{\"@id\":\"https:\/\/parcopan.org\/a-piedi-nudi-sul-tempo\/#primaryimage\"},\"image\":{\"@id\":\"https:\/\/parcopan.org\/a-piedi-nudi-sul-tempo\/#primaryimage\"},\"thumbnailUrl\":\"https:\/\/parcopan.org\/wp-content\/uploads\/2022\/06\/A-piedi-nudi-sul-tempo-3.jpg\",\"datePublished\":\"2022-06-28T07:23:53+00:00\",\"dateModified\":\"2022-09-05T06:17:43+00:00\",\"breadcrumb\":{\"@id\":\"https:\/\/parcopan.org\/a-piedi-nudi-sul-tempo\/#breadcrumb\"},\"inLanguage\":\"en-US\",\"potentialAction\":[{\"@type\":\"ReadAction\",\"target\":[\"https:\/\/parcopan.org\/a-piedi-nudi-sul-tempo\/\"]}]},{\"@type\":\"ImageObject\",\"inLanguage\":\"en-US\",\"@id\":\"https:\/\/parcopan.org\/a-piedi-nudi-sul-tempo\/#primaryimage\",\"url\":\"https:\/\/parcopan.org\/wp-content\/uploads\/2022\/06\/A-piedi-nudi-sul-tempo-3.jpg\",\"contentUrl\":\"https:\/\/parcopan.org\/wp-content\/uploads\/2022\/06\/A-piedi-nudi-sul-tempo-3.jpg\",\"width\":1280,\"height\":853},{\"@type\":\"BreadcrumbList\",\"@id\":\"https:\/\/parcopan.org\/a-piedi-nudi-sul-tempo\/#breadcrumb\",\"itemListElement\":[{\"@type\":\"ListItem\",\"position\":1,\"name\":\"Home\",\"item\":\"https:\/\/parcopan.org\/en\/home-2\/\"},{\"@type\":\"ListItem\",\"position\":2,\"name\":\"Uncategorized\",\"item\":\"https:\/\/parcopan.org\/category\/uncategorized\/\"},{\"@type\":\"ListItem\",\"position\":3,\"name\":\"\u201cA piedi nudi sul tempo\u201d\"}]},{\"@type\":\"WebSite\",\"@id\":\"https:\/\/parcopan.org\/#website\",\"url\":\"https:\/\/parcopan.org\/\",\"name\":\"Parco Naturale Paneveggio Pale di San Martino\",\"description\":\"Un Mondo di acque, rocce, foreste e storia\",\"publisher\":{\"@id\":\"https:\/\/parcopan.org\/#organization\"},\"potentialAction\":[{\"@type\":\"SearchAction\",\"target\":{\"@type\":\"EntryPoint\",\"urlTemplate\":\"https:\/\/parcopan.org\/?s={search_term_string}\"},\"query-input\":{\"@type\":\"PropertyValueSpecification\",\"valueRequired\":true,\"valueName\":\"search_term_string\"}}],\"inLanguage\":\"en-US\"},{\"@type\":\"Organization\",\"@id\":\"https:\/\/parcopan.org\/#organization\",\"name\":\"Parco Naturale Paneveggio Pale di San Martino\",\"url\":\"https:\/\/parcopan.org\/\",\"logo\":{\"@type\":\"ImageObject\",\"inLanguage\":\"en-US\",\"@id\":\"https:\/\/parcopan.org\/#\/schema\/logo\/image\/\",\"url\":\"https:\/\/parcopan.org\/wp-content\/uploads\/2019\/03\/parcopan_logo_quadrato.png\",\"contentUrl\":\"https:\/\/parcopan.org\/wp-content\/uploads\/2019\/03\/parcopan_logo_quadrato.png\",\"width\":522,\"height\":522,\"caption\":\"Parco Naturale Paneveggio Pale di San Martino\"},\"image\":{\"@id\":\"https:\/\/parcopan.org\/#\/schema\/logo\/image\/\"},\"sameAs\":[\"https:\/\/www.facebook.com\/Parcopan\/\",\"https:\/\/x.com\/ParcoPaneveggio\"]},{\"@type\":\"Person\",\"@id\":\"https:\/\/parcopan.org\/#\/schema\/person\/09ea313c417f548831817948b8901990\",\"name\":\"Walter Taufer\",\"image\":{\"@type\":\"ImageObject\",\"inLanguage\":\"en-US\",\"@id\":\"https:\/\/parcopan.org\/#\/schema\/person\/image\/\",\"url\":\"https:\/\/secure.gravatar.com\/avatar\/c9335b381753c8c8c1fef39279ccf17bdb91d89cba28d9732229a53d5c2bd03d?s=96&d=mm&r=g\",\"contentUrl\":\"https:\/\/secure.gravatar.com\/avatar\/c9335b381753c8c8c1fef39279ccf17bdb91d89cba28d9732229a53d5c2bd03d?s=96&d=mm&r=g\",\"caption\":\"Walter Taufer\"},\"url\":\"https:\/\/parcopan.org\/en\/author\/water-taufer\/\"}]}<\/script>\n<!-- \/ Yoast SEO plugin. -->","yoast_head_json":{"title":"\u201cA piedi nudi sul tempo\u201d - Parco Naturale Paneveggio Pale di San Martino","robots":{"index":"index","follow":"follow","max-snippet":"max-snippet:-1","max-image-preview":"max-image-preview:large","max-video-preview":"max-video-preview:-1"},"canonical":"https:\/\/parcopan.org\/a-piedi-nudi-sul-tempo\/","og_locale":"en_US","og_type":"article","og_title":"\u201cA piedi nudi sul tempo\u201d - Parco Naturale Paneveggio Pale di San Martino","og_description":"Percorrendo il Sentiero \u201cLe Muse Fedaie\u201d che si snoda fra i prati della Val Canali e descrive la biodiversit\u00e0 di questi luoghi, quest\u2019estate si trover\u00e0 una piacevole novit\u00e0: un percorso sensoriale da percorrere a piedi nudi.","og_url":"https:\/\/parcopan.org\/a-piedi-nudi-sul-tempo\/","og_site_name":"Parco Naturale Paneveggio Pale di San Martino","article_publisher":"https:\/\/www.facebook.com\/Parcopan\/","article_published_time":"2022-06-28T07:23:53+00:00","article_modified_time":"2022-09-05T06:17:43+00:00","og_image":[{"width":1280,"height":853,"url":"https:\/\/parcopan.org\/wp-content\/uploads\/2022\/06\/A-piedi-nudi-sul-tempo-3.jpg","type":"image\/jpeg"}],"author":"Walter Taufer","twitter_card":"summary_large_image","twitter_creator":"@ParcoPaneveggio","twitter_site":"@ParcoPaneveggio","twitter_misc":{"Written by":"Walter Taufer","Est. reading time":"2 minutes"},"schema":{"@context":"https:\/\/schema.org","@graph":[{"@type":"Article","@id":"https:\/\/parcopan.org\/a-piedi-nudi-sul-tempo\/#article","isPartOf":{"@id":"https:\/\/parcopan.org\/a-piedi-nudi-sul-tempo\/"},"author":{"name":"Walter Taufer","@id":"https:\/\/parcopan.org\/#\/schema\/person\/09ea313c417f548831817948b8901990"},"headline":"\u201cA piedi nudi sul tempo\u201d","datePublished":"2022-06-28T07:23:53+00:00","dateModified":"2022-09-05T06:17:43+00:00","mainEntityOfPage":{"@id":"https:\/\/parcopan.org\/a-piedi-nudi-sul-tempo\/"},"wordCount":247,"publisher":{"@id":"https:\/\/parcopan.org\/#organization"},"image":{"@id":"https:\/\/parcopan.org\/a-piedi-nudi-sul-tempo\/#primaryimage"},"thumbnailUrl":"https:\/\/parcopan.org\/wp-content\/uploads\/2022\/06\/A-piedi-nudi-sul-tempo-3.jpg","articleSection":["Non categorizzato"],"inLanguage":"en-US"},{"@type":"WebPage","@id":"https:\/\/parcopan.org\/a-piedi-nudi-sul-tempo\/","url":"https:\/\/parcopan.org\/a-piedi-nudi-sul-tempo\/","name":"\u201cA piedi nudi sul tempo\u201d - Parco Naturale Paneveggio Pale di San Martino","isPartOf":{"@id":"https:\/\/parcopan.org\/#website"},"primaryImageOfPage":{"@id":"https:\/\/parcopan.org\/a-piedi-nudi-sul-tempo\/#primaryimage"},"image":{"@id":"https:\/\/parcopan.org\/a-piedi-nudi-sul-tempo\/#primaryimage"},"thumbnailUrl":"https:\/\/parcopan.org\/wp-content\/uploads\/2022\/06\/A-piedi-nudi-sul-tempo-3.jpg","datePublished":"2022-06-28T07:23:53+00:00","dateModified":"2022-09-05T06:17:43+00:00","breadcrumb":{"@id":"https:\/\/parcopan.org\/a-piedi-nudi-sul-tempo\/#breadcrumb"},"inLanguage":"en-US","potentialAction":[{"@type":"ReadAction","target":["https:\/\/parcopan.org\/a-piedi-nudi-sul-tempo\/"]}]},{"@type":"ImageObject","inLanguage":"en-US","@id":"https:\/\/parcopan.org\/a-piedi-nudi-sul-tempo\/#primaryimage","url":"https:\/\/parcopan.org\/wp-content\/uploads\/2022\/06\/A-piedi-nudi-sul-tempo-3.jpg","contentUrl":"https:\/\/parcopan.org\/wp-content\/uploads\/2022\/06\/A-piedi-nudi-sul-tempo-3.jpg","width":1280,"height":853},{"@type":"BreadcrumbList","@id":"https:\/\/parcopan.org\/a-piedi-nudi-sul-tempo\/#breadcrumb","itemListElement":[{"@type":"ListItem","position":1,"name":"Home","item":"https:\/\/parcopan.org\/en\/home-2\/"},{"@type":"ListItem","position":2,"name":"Uncategorized","item":"https:\/\/parcopan.org\/category\/uncategorized\/"},{"@type":"ListItem","position":3,"name":"\u201cA piedi nudi sul tempo\u201d"}]},{"@type":"WebSite","@id":"https:\/\/parcopan.org\/#website","url":"https:\/\/parcopan.org\/","name":"Parco Naturale Paneveggio Pale di San Martino","description":"Un Mondo di acque, rocce, foreste e storia","publisher":{"@id":"https:\/\/parcopan.org\/#organization"},"potentialAction":[{"@type":"SearchAction","target":{"@type":"EntryPoint","urlTemplate":"https:\/\/parcopan.org\/?s={search_term_string}"},"query-input":{"@type":"PropertyValueSpecification","valueRequired":true,"valueName":"search_term_string"}}],"inLanguage":"en-US"},{"@type":"Organization","@id":"https:\/\/parcopan.org\/#organization","name":"Parco Naturale Paneveggio Pale di San Martino","url":"https:\/\/parcopan.org\/","logo":{"@type":"ImageObject","inLanguage":"en-US","@id":"https:\/\/parcopan.org\/#\/schema\/logo\/image\/","url":"https:\/\/parcopan.org\/wp-content\/uploads\/2019\/03\/parcopan_logo_quadrato.png","contentUrl":"https:\/\/parcopan.org\/wp-content\/uploads\/2019\/03\/parcopan_logo_quadrato.png","width":522,"height":522,"caption":"Parco Naturale Paneveggio Pale di San Martino"},"image":{"@id":"https:\/\/parcopan.org\/#\/schema\/logo\/image\/"},"sameAs":["https:\/\/www.facebook.com\/Parcopan\/","https:\/\/x.com\/ParcoPaneveggio"]},{"@type":"Person","@id":"https:\/\/parcopan.org\/#\/schema\/person\/09ea313c417f548831817948b8901990","name":"Walter Taufer","image":{"@type":"ImageObject","inLanguage":"en-US","@id":"https:\/\/parcopan.org\/#\/schema\/person\/image\/","url":"https:\/\/secure.gravatar.com\/avatar\/c9335b381753c8c8c1fef39279ccf17bdb91d89cba28d9732229a53d5c2bd03d?s=96&d=mm&r=g","contentUrl":"https:\/\/secure.gravatar.com\/avatar\/c9335b381753c8c8c1fef39279ccf17bdb91d89cba28d9732229a53d5c2bd03d?s=96&d=mm&r=g","caption":"Walter Taufer"},"url":"https:\/\/parcopan.org\/en\/author\/water-taufer\/"}]}},"_links":{"self":[{"href":"https:\/\/parcopan.org\/en\/wp-json\/wp\/v2\/posts\/23607","targetHints":{"allow":["GET"]}}],"collection":[{"href":"https:\/\/parcopan.org\/en\/wp-json\/wp\/v2\/posts"}],"about":[{"href":"https:\/\/parcopan.org\/en\/wp-json\/wp\/v2\/types\/post"}],"author":[{"embeddable":true,"href":"https:\/\/parcopan.org\/en\/wp-json\/wp\/v2\/users\/12"}],"replies":[{"embeddable":true,"href":"https:\/\/parcopan.org\/en\/wp-json\/wp\/v2\/comments?post=23607"}],"version-history":[{"count":14,"href":"https:\/\/parcopan.org\/en\/wp-json\/wp\/v2\/posts\/23607\/revisions"}],"predecessor-version":[{"id":23631,"href":"https:\/\/parcopan.org\/en\/wp-json\/wp\/v2\/posts\/23607\/revisions\/23631"}],"wp:featuredmedia":[{"embeddable":true,"href":"https:\/\/parcopan.org\/en\/wp-json\/wp\/v2\/media\/23608"}],"wp:attachment":[{"href":"https:\/\/parcopan.org\/en\/wp-json\/wp\/v2\/media?parent=23607"}],"wp:term":[{"taxonomy":"category","embeddable":true,"href":"https:\/\/parcopan.org\/en\/wp-json\/wp\/v2\/categories?post=23607"},{"taxonomy":"post_tag","embeddable":true,"href":"https:\/\/parcopan.org\/en\/wp-json\/wp\/v2\/tags?post=23607"}],"curies":[{"name":"wp","href":"https:\/\/api.w.org\/{rel}","templated":true}]}}